{"id":20938,"date":"2026-08-31T20:22:36","date_gmt":"2026-08-31T18:22:36","guid":{"rendered":"https:\/\/lefrancophile.com\/?p=20938"},"modified":"2026-09-01T12:01:55","modified_gmt":"2026-09-01T10:01:55","slug":"la-guerre-des-farines-de-1775-les-emeutes-du-pain-qui-ont-secoue-la-france","status":"publish","type":"post","link":"https:\/\/lefrancophile.com\/fr\/la-guerre-des-farines-de-1775-les-emeutes-du-pain-qui-ont-secoue-la-france\/","title":{"rendered":"La Guerre des Farines de 1775 : Les \u00e9meutes du pain qui ont secou\u00e9 la France"},"content":{"rendered":"<div class=\"francophile-post\" style=\"font-family: Arial, Helvetica, sans-serif; color: #333333; line-height: 1.65; font-size: 15px;\">\n<p><!-- Article Lead --><\/p>\n<p class=\"lead-text\" style=\"font-size: 16px; line-height: 1.7; color: #222222; margin-bottom: 20px;\">Dans la m\u00e9moire collective, la R\u00e9volution fran\u00e7aise \u00e9clate un jour de juillet 1789, port\u00e9e par les id\u00e9aux des Lumi\u00e8res et l\u2019exasp\u00e9ration du peuple face aux privil\u00e8ges. Pourtant, quatorze ans plus t\u00f4t, un s\u00e9isme m\u00e9connu secoue le royaume de France. Au printemps 1775, des dizaines de bourgs et de villes, de la Picardie jusqu\u2019aux portes de Versailles, sont le th\u00e9\u00e2tre d\u2019une vague d\u2019\u00e9meutes sans pr\u00e9c\u00e9dent : la Guerre des farines.<\/p>\n<p>Cet \u00e9pisode singulier, souvent rel\u00e9gu\u00e9 aux notes de bas de page des manuels d&#8217;histoire, constitue pourtant la v\u00e9ritable r\u00e9p\u00e9tition g\u00e9n\u00e9rale du drame r\u00e9volutionnaire.<\/p>\n<p><!-- Highlight Banner (Orange Header Style) --><\/p>\n<div style=\"background-color: #e67e22; color: #ffffff; padding: 12px 18px; font-weight: bold; text-transform: uppercase; font-size: 16px; margin: 25px 0 15px 0; border-radius: 2px;\">LA LIBERT\u00c9 DU COMMERCE DES GRAINS<\/div>\n<p>Tout d\u00e9bute par une r\u00e9forme \u00e9conomique aux intentions modernisatrices. \u00c0 l\u2019automne 1774, le jeune roi Louis XVI, fra\u00eechement mont\u00e9 sur le tr\u00f4ne, nomme Anne Robert Jacques Turgot au poste de contr\u00f4leur g\u00e9n\u00e9ral des Finances. Imbu des doctrines physiocratiques, Turgot est convaincu que le march\u00e9 doit se r\u00e9guler de lui-m\u00eame. Le 13 septembre 1774, il signe un arr\u00eat d\u00e9cisif : la libert\u00e9 du commerce des grains.<\/p>\n<p>Jusqu\u2019alors, le pouvoir royal contr\u00f4lait strictement le prix et le transport du bl\u00e9 pour pr\u00e9munir le peuple contre la disette. En mettant fin \u00e0 cette tutelle, le ministre entend stimuler la production agricole et \u00e9liminer les p\u00e9nuries par la concurrence.<\/p>\n<p><!-- Section Header (Blue Accent Style) --><\/p>\n<h3 style=\"color: #2980b9; border-bottom: 2px solid #2980b9; padding-bottom: 6px; margin-top: 30px; margin-bottom: 15px; font-size: 20px; font-weight: bold;\">L&#8217;Envol\u00e9e du Prix du Pain<\/h3>\n<p>Le calendrier s&#8217;av\u00e8re toutefois d\u00e9sastreux. Les r\u00e9coltes de l&#8217;\u00e9t\u00e9 1774 ont \u00e9t\u00e9 m\u00e9diocres en raison des intemp\u00e9ries, et d\u00e8s la fin de l&#8217;hiver, le bl\u00e9 commence \u00e0 manquer. Lib\u00e9r\u00e9s de toute entrave, les propri\u00e9taires et les n\u00e9gociants augmentent brusquement leurs tarifs. La sp\u00e9culation va bon train.<\/p>\n<p>En quelques mois, le prix du pain \u2014 base absolue de l&#8217;alimentation populaire \u2014 s&#8217;envole. Pour les ouvriers, les artisans et les paysans modestes, qui y consacraient d\u00e9j\u00e0 plus de la moiti\u00e9 de leur budget quotidien, la situation devient insoutenable.<\/p>\n<p><!-- Centered Image Box with Border --><\/p>\n<div style=\"text-align: center; margin: 30px auto; max-width: 480px;\">\n<div style=\"border: 1px solid #dddddd; padding: 6px; background-color: #ffffff; box-shadow: 0 2px 5px rgba(0,0,0,0.05); display: inline-block;\"><img decoding=\"async\" style=\"max-width: 100%; height: auto; display: block;\" src=\"https:\/\/lefrancophile.com\/wp-content\/uploads\/2026\/08\/Le_Fermier_brule_ou_la_famille_pauvre_-_Francois_Philippe_Charpentier.png\" alt=\"Le Fermier br\u00fbl\u00e9 ou la famille pauvre par Fran\u00e7ois-Philippe Charpentier\" \/><\/div>\n<p style=\"font-size: 12px; color: #666666; margin-top: 8px; font-style: italic; line-height: 1.4;\"><em>Le Fermier br\u00fbl\u00e9 ou la famille pauvre<\/em> par Fran\u00e7ois-Philippe Charpentier, illustrant la pr\u00e9carit\u00e9 rurale au XVIIIe si\u00e8cle.<\/p>\n<\/div>\n<p><!-- Highlight Banner (Orange Header Style) --><\/p>\n<div style=\"background-color: #e67e22; color: #ffffff; padding: 12px 18px; font-weight: bold; text-transform: uppercase; font-size: 16px; margin: 30px 0 15px 0; border-radius: 2px;\">LA \u00ab TAXATION POPULAIRE \u00bb ET LA MARCHE SUR VERSAILLES<\/div>\n<p>Fin avril 1775, l&#8217;\u00e9tincelle jaillit en Bourgogne avant de se propager avec une rapidit\u00e9 d\u00e9concertante le long des voies fluviales et routi\u00e8res vers le bassin parisien.<\/p>\n<p><!-- Custom Structured Feature Box (Royan Post Card Style) --><\/p>\n<div style=\"border: 1px dashed #e67e22; background-color: #fdfefe; padding: 15px 20px; margin: 20px 0; border-radius: 4px;\">\n<p style=\"margin: 0; color: #d35400; font-weight: bold; font-size: 14px;\">M\u00c9CANISME HISTORIQUE : LA TAXATION POPULAIRE<\/p>\n<p style=\"margin: 8px 0 0 0; font-size: 14px; color: #444444; font-style: italic;\">Les \u00e9meutiers ne pillent pas aveugl\u00e9ment : ils appliquent ce que les historiens nomment la \u00ab taxation populaire \u00bb. Les paysans et citadins interceptent les convois de grains, investissent les march\u00e9s et les boulangeries, puis saisissent la farine pour la revendre au \u00ab juste prix \u00bb traditionnel, soit deux sous la livre, avant d&#8217;en remettre le produit aux propri\u00e9taires d\u00e9pouill\u00e9s.<\/p>\n<\/div>\n<p>Le ph\u00e9nom\u00e8ne prend une ampleur in\u00e9dite. Le 2 mai 1775, la foule marche sur Versailles et envahit les cours du ch\u00e2teau. Louis XVI appara\u00eet au balcon pour tenter d&#8217;apaiser les esprits, promettant une baisse du prix du pain. Le lendemain, l&#8217;agitation gagne Paris, o\u00f9 les boutiques de boulangers sont prises d&#8217;assaut dans toute la capitale.<\/p>\n<p><!-- Centered Image Box with Border --><\/p>\n<div style=\"text-align: center; margin: 30px auto; max-width: 480px;\">\n<div style=\"border: 1px solid #dddddd; padding: 6px; background-color: #ffffff; box-shadow: 0 2px 5px rgba(0,0,0,0.05); display: inline-block;\"><img decoding=\"async\" style=\"max-width: 100%; height: auto; display: block;\" src=\"https:\/\/lefrancophile.com\/wp-content\/uploads\/2026\/08\/Robing_the_bakeries_in_Paris_during_the_Flour_War_1775_E._Bayard.png\" alt=\"Pillage d'un convoi de farine \u00e0 Paris durant la Guerre des farines en 1775\" \/><\/div>\n<p style=\"font-size: 12px; color: #666666; margin-top: 8px; font-style: italic; line-height: 1.4;\"><em>Pillage d&#8217;un convoi de farine \u00e0 Paris<\/em> (1775) par \u00c9mile Bayard, illustrant la saisie des convois de grain.<\/p>\n<\/div>\n<p><!-- Section Header (Blue Accent Style) --><\/p>\n<h3 style=\"color: #2980b9; border-bottom: 2px solid #2980b9; padding-bottom: 6px; margin-top: 30px; margin-bottom: 15px; font-size: 20px; font-weight: bold;\">R\u00e9pression Royale et Port\u00e9e Historique<\/h3>\n<p>Face \u00e0 ce qu&#8217;il per\u00e7oit comme un d\u00e9fi \u00e0 l&#8217;autorit\u00e9 royale, le gouvernement choisit la fermet\u00e9. Turgot refuse cat\u00e9goriquement de revenir sur son d\u00e9cret de lib\u00e9ralisation. La r\u00e9action militaire est imm\u00e9diate : plus de vingt-cinq mille soldats sont d\u00e9ploy\u00e9s dans et autour de la capitale.<\/p>\n<p>La r\u00e9pression s&#8217;av\u00e8re prompte et rigoureuse. On proc\u00e8de \u00e0 des centaines d&#8217;arrestations, et deux \u00e9meutiers sont pendus en place de Gr\u00e8ve pour l&#8217;exemple, arborant une pancarte avertissant contre le vol de grain. \u00c0 la fin du mois de mai, l&#8217;ordre est r\u00e9tabli.<\/p>\n<p style=\"font-weight: bold; color: #111111; margin-top: 20px;\">Si la Guerre des farines fut rapidement r\u00e9prim\u00e9e, ses r\u00e9percussions politiques furent profondes. Elle marqua la rupture d\u00e9finitive du \u00ab pacte nourricier \u00bb qui liait le roi \u00e0 son peuple, sapant la figure du monarque protecteur. Quatorze ans plus tard, la col\u00e8re paysanne ne se contenta plus d&#8217;ajuster le prix de la farine : elle renversa l&#8217;Ancien R\u00e9gime.<\/p>\n<\/div>\n","protected":false},"excerpt":{"rendered":"<p>Dans la m\u00e9moire collective, la R\u00e9volution fran\u00e7aise \u00e9clate un jour de juillet 1789, port\u00e9e par les id\u00e9aux des Lumi\u00e8res et l\u2019exasp\u00e9ration du peuple face aux privil\u00e8ges. Pourtant, quatorze ans plus t\u00f4t, un s\u00e9isme m\u00e9connu secoue le royaume de France. Au printemps 1775, des dizaines de bourgs et de villes, de la Picardie jusqu\u2019aux portes de [&hellip;]<\/p>\n","protected":false},"author":99,"featured_media":0,"comment_status":"open","ping_status":"closed","sticky":false,"template":"","format":"standard","meta":{"inline_featured_image":false,"footnotes":""},"categories":[2842],"tags":[],"class_list":{"0":"post-20938","1":"post","2":"type-post","3":"status-publish","4":"format-standard","6":"category-voyage"},"aioseo_notices":[],"aioseo_head":"\n\t\t<!-- All in One SEO Pro 5.0.1.1 - aioseo.com -->\n\t<meta name=\"description\" content=\"Dans la m\u00e9moire collective, la R\u00e9volution fran\u00e7aise \u00e9clate un jour de juillet 1789, port\u00e9e par les id\u00e9aux des Lumi\u00e8res et l\u2019exasp\u00e9ration du peuple face aux privil\u00e8ges. Pourtant, quatorze ans plus t\u00f4t, un s\u00e9isme m\u00e9connu secoue le royaume de France. Au printemps 1775, des dizaines de bourgs et de villes, de la Picardie jusqu\u2019aux portes de - Voyage\" \/>\n\t<meta name=\"robots\" content=\"max-image-preview:large\" \/>\n\t<meta name=\"author\" content=\"J\u00e9r\u00f4me Roberti\"\/>\n\t<meta name=\"p:domain_verify\" content=\"fbc8a90fc9500f35d31c3298dea1f28b\" \/>\n\t<link rel=\"canonical\" href=\"https:\/\/lefrancophile.com\/fr\/la-guerre-des-farines-de-1775-les-emeutes-du-pain-qui-ont-secoue-la-france\/\" \/>\n\t<meta name=\"generator\" content=\"All in One SEO Pro (AIOSEO) 5.0.1.1\" \/>\n\t\t<meta property=\"og:locale\" content=\"fr_FR\" \/>\n\t\t<meta property=\"og:site_name\" content=\"LeFrancophile\" \/>\n\t\t<meta property=\"og:type\" content=\"article\" \/>\n\t\t<meta property=\"og:title\" content=\"La Guerre des Farines de 1775 : Les \u00e9meutes du pain qui ont secou\u00e9 la France - LeFrancophile\" \/>\n\t\t<meta property=\"og:description\" content=\"Dans la m\u00e9moire collective, la R\u00e9volution fran\u00e7aise \u00e9clate un jour de juillet 1789, port\u00e9e par les id\u00e9aux des Lumi\u00e8res et l\u2019exasp\u00e9ration du peuple face aux privil\u00e8ges. Pourtant, quatorze ans plus t\u00f4t, un s\u00e9isme m\u00e9connu secoue le royaume de France. Au printemps 1775, des dizaines de bourgs et de villes, de la Picardie jusqu\u2019aux portes de - Voyage\" \/>\n\t\t<meta property=\"og:url\" content=\"https:\/\/lefrancophile.com\/fr\/la-guerre-des-farines-de-1775-les-emeutes-du-pain-qui-ont-secoue-la-france\/\" \/>\n\t\t<meta property=\"fb:admins\" content=\"100090014107271\" \/>\n\t\t<meta property=\"og:image\" content=\"https:\/\/lefrancophile.com\/wp-content\/uploads\/2023\/08\/lefrancophile-vector.svg\" \/>\n\t\t<meta property=\"og:image:secure_url\" content=\"https:\/\/lefrancophile.com\/wp-content\/uploads\/2023\/08\/lefrancophile-vector.svg\" \/>\n\t\t<meta property=\"og:image:width\" content=\"384\" \/>\n\t\t<meta property=\"og:image:height\" content=\"383\" \/>\n\t\t<meta property=\"article:tag\" content=\"voyage\" \/>\n\t\t<meta property=\"article:published_time\" content=\"2026-08-31T18:22:36+00:00\" \/>\n\t\t<meta property=\"article:modified_time\" content=\"2026-09-01T10:01:55+00:00\" \/>\n\t\t<meta property=\"article:publisher\" content=\"https:\/\/www.facebook.com\/thefrancophile\" \/>\n\t\t<meta name=\"twitter:card\" content=\"summary_large_image\" \/>\n\t\t<meta name=\"twitter:site\" content=\"@legallophile\" \/>\n\t\t<meta name=\"twitter:title\" content=\"La Guerre des Farines de 1775 : Les \u00e9meutes du pain qui ont secou\u00e9 la France - LeFrancophile\" \/>\n\t\t<meta name=\"twitter:description\" content=\"Dans la m\u00e9moire collective, la R\u00e9volution fran\u00e7aise \u00e9clate un jour de juillet 1789, port\u00e9e par les id\u00e9aux des Lumi\u00e8res et l\u2019exasp\u00e9ration du peuple face aux privil\u00e8ges. Pourtant, quatorze ans plus t\u00f4t, un s\u00e9isme m\u00e9connu secoue le royaume de France. Au printemps 1775, des dizaines de bourgs et de villes, de la Picardie jusqu\u2019aux portes de - Voyage\" \/>\n\t\t<meta name=\"twitter:creator\" content=\"@legallophile\" \/>\n\t\t<meta name=\"twitter:image\" content=\"https:\/\/lefrancophile.com\/wp-content\/uploads\/2023\/08\/lefrancophile-vector.svg\" \/>\n\t\t<meta name=\"twitter:label1\" content=\"Written by\" \/>\n\t\t<meta name=\"twitter:data1\" content=\"J\u00e9r\u00f4me Roberti\" \/>\n\t\t<meta name=\"twitter:label2\" content=\"Est. reading time\" \/>\n\t\t<meta name=\"twitter:data2\" content=\"3 minutes\" \/>\n\t\t<script type=\"application\/ld+json\" class=\"aioseo-schema\">\n\t\t\t{\"@context\":\"https:\\\/\\\/schema.org\",\"@graph\":[{\"@type\":\"Article\",\"@id\":\"https:\\\/\\\/lefrancophile.com\\\/fr\\\/la-guerre-des-farines-de-1775-les-emeutes-du-pain-qui-ont-secoue-la-france\\\/#article\",\"name\":\"La Guerre des Farines de 1775 : Les \\u00e9meutes du pain qui ont secou\\u00e9 la France - LeFrancophile\",\"headline\":\"La Guerre des Farines de 1775 : Les \\u00e9meutes du pain qui ont secou\\u00e9 la France\",\"author\":{\"@id\":\"https:\\\/\\\/lefrancophile.com\\\/fr\\\/author\\\/jerome\\\/#author\"},\"publisher\":{\"@id\":\"https:\\\/\\\/lefrancophile.com\\\/fr\\\/#organization\"},\"image\":{\"@type\":\"ImageObject\",\"url\":\"https:\\\/\\\/lefrancophile.com\\\/wp-content\\\/uploads\\\/2026\\\/08\\\/Le_Fermier_brule_ou_la_famille_pauvre_-_Francois_Philippe_Charpentier.png\",\"@id\":\"https:\\\/\\\/lefrancophile.com\\\/fr\\\/la-guerre-des-farines-de-1775-les-emeutes-du-pain-qui-ont-secoue-la-france\\\/#articleImage\",\"width\":747,\"height\":943},\"datePublished\":\"2026-08-31T20:22:36+02:00\",\"dateModified\":\"2026-09-01T12:01:55+02:00\",\"inLanguage\":\"fr-FR\",\"mainEntityOfPage\":{\"@id\":\"https:\\\/\\\/lefrancophile.com\\\/fr\\\/la-guerre-des-farines-de-1775-les-emeutes-du-pain-qui-ont-secoue-la-france\\\/#webpage\"},\"isPartOf\":{\"@id\":\"https:\\\/\\\/lefrancophile.com\\\/fr\\\/la-guerre-des-farines-de-1775-les-emeutes-du-pain-qui-ont-secoue-la-france\\\/#webpage\"},\"articleSection\":\"Voyage, Facultatif\"},{\"@type\":\"BreadcrumbList\",\"@id\":\"https:\\\/\\\/lefrancophile.com\\\/fr\\\/la-guerre-des-farines-de-1775-les-emeutes-du-pain-qui-ont-secoue-la-france\\\/#breadcrumblist\",\"itemListElement\":[{\"@type\":\"ListItem\",\"@id\":\"https:\\\/\\\/lefrancophile.com\\\/fr\\\/#listItem\",\"position\":1,\"name\":\"Home\",\"item\":\"https:\\\/\\\/lefrancophile.com\\\/fr\\\/\",\"nextItem\":{\"@type\":\"ListItem\",\"@id\":\"https:\\\/\\\/lefrancophile.com\\\/fr\\\/category\\\/voyage\\\/#listItem\",\"name\":\"Voyage\"}},{\"@type\":\"ListItem\",\"@id\":\"https:\\\/\\\/lefrancophile.com\\\/fr\\\/category\\\/voyage\\\/#listItem\",\"position\":2,\"name\":\"Voyage\",\"item\":\"https:\\\/\\\/lefrancophile.com\\\/fr\\\/category\\\/voyage\\\/\",\"nextItem\":{\"@type\":\"ListItem\",\"@id\":\"https:\\\/\\\/lefrancophile.com\\\/fr\\\/la-guerre-des-farines-de-1775-les-emeutes-du-pain-qui-ont-secoue-la-france\\\/#listItem\",\"name\":\"La Guerre des Farines de 1775 : Les \\u00e9meutes du pain qui ont secou\\u00e9 la France\"},\"previousItem\":{\"@type\":\"ListItem\",\"@id\":\"https:\\\/\\\/lefrancophile.com\\\/fr\\\/#listItem\",\"name\":\"Home\"}},{\"@type\":\"ListItem\",\"@id\":\"https:\\\/\\\/lefrancophile.com\\\/fr\\\/la-guerre-des-farines-de-1775-les-emeutes-du-pain-qui-ont-secoue-la-france\\\/#listItem\",\"position\":3,\"name\":\"La Guerre des Farines de 1775 : Les \\u00e9meutes du pain qui ont secou\\u00e9 la France\",\"previousItem\":{\"@type\":\"ListItem\",\"@id\":\"https:\\\/\\\/lefrancophile.com\\\/fr\\\/category\\\/voyage\\\/#listItem\",\"name\":\"Voyage\"}}]},{\"@type\":\"Organization\",\"@id\":\"https:\\\/\\\/lefrancophile.com\\\/fr\\\/#organization\",\"name\":\"lefrancophile\",\"description\":\"The bilingual magazine of l'art de vivre \\u00e0 la Fran\\u00e7aise\",\"url\":\"https:\\\/\\\/lefrancophile.com\\\/fr\\\/\",\"logo\":{\"@type\":\"ImageObject\",\"url\":\"https:\\\/\\\/lefrancophile.com\\\/wp-content\\\/uploads\\\/2023\\\/08\\\/lefrancophile-vector.svg\",\"@id\":\"https:\\\/\\\/lefrancophile.com\\\/fr\\\/la-guerre-des-farines-de-1775-les-emeutes-du-pain-qui-ont-secoue-la-france\\\/#organizationLogo\",\"width\":384,\"height\":383},\"image\":{\"@id\":\"https:\\\/\\\/lefrancophile.com\\\/fr\\\/la-guerre-des-farines-de-1775-les-emeutes-du-pain-qui-ont-secoue-la-france\\\/#organizationLogo\"},\"sameAs\":[\"https:\\\/\\\/www.facebook.com\\\/thefrancophile\",\"https:\\\/\\\/twitter.com\\\/legallophile\",\"https:\\\/\\\/www.instagram.com\\\/legallophile\",\"https:\\\/\\\/www.pinterest.fr\\\/lefrancophile\"]},{\"@type\":\"Person\",\"@id\":\"https:\\\/\\\/lefrancophile.com\\\/fr\\\/author\\\/jerome\\\/#author\",\"url\":\"https:\\\/\\\/lefrancophile.com\\\/fr\\\/author\\\/jerome\\\/\",\"name\":\"J\\u00e9r\\u00f4me Roberti\",\"image\":{\"@type\":\"ImageObject\",\"@id\":\"https:\\\/\\\/lefrancophile.com\\\/fr\\\/la-guerre-des-farines-de-1775-les-emeutes-du-pain-qui-ont-secoue-la-france\\\/#authorImage\",\"url\":\"https:\\\/\\\/secure.gravatar.com\\\/avatar\\\/864bd81f5de2416b7234bf25add444c62cf2488f5c396c5c3cf062baba18350a?s=96&d=mm&r=g\",\"width\":96,\"height\":96,\"caption\":\"J\\u00e9r\\u00f4me Roberti\"}},{\"@type\":\"WebPage\",\"@id\":\"https:\\\/\\\/lefrancophile.com\\\/fr\\\/la-guerre-des-farines-de-1775-les-emeutes-du-pain-qui-ont-secoue-la-france\\\/#webpage\",\"url\":\"https:\\\/\\\/lefrancophile.com\\\/fr\\\/la-guerre-des-farines-de-1775-les-emeutes-du-pain-qui-ont-secoue-la-france\\\/\",\"name\":\"La Guerre des Farines de 1775 : Les \\u00e9meutes du pain qui ont secou\\u00e9 la France - LeFrancophile\",\"description\":\"Dans la m\\u00e9moire collective, la R\\u00e9volution fran\\u00e7aise \\u00e9clate un jour de juillet 1789, port\\u00e9e par les id\\u00e9aux des Lumi\\u00e8res et l\\u2019exasp\\u00e9ration du peuple face aux privil\\u00e8ges. Pourtant, quatorze ans plus t\\u00f4t, un s\\u00e9isme m\\u00e9connu secoue le royaume de France. Au printemps 1775, des dizaines de bourgs et de villes, de la Picardie jusqu\\u2019aux portes de - Voyage\",\"inLanguage\":\"fr-FR\",\"isPartOf\":{\"@id\":\"https:\\\/\\\/lefrancophile.com\\\/fr\\\/#website\"},\"breadcrumb\":{\"@id\":\"https:\\\/\\\/lefrancophile.com\\\/fr\\\/la-guerre-des-farines-de-1775-les-emeutes-du-pain-qui-ont-secoue-la-france\\\/#breadcrumblist\"},\"author\":{\"@id\":\"https:\\\/\\\/lefrancophile.com\\\/fr\\\/author\\\/jerome\\\/#author\"},\"creator\":{\"@id\":\"https:\\\/\\\/lefrancophile.com\\\/fr\\\/author\\\/jerome\\\/#author\"},\"datePublished\":\"2026-08-31T20:22:36+02:00\",\"dateModified\":\"2026-09-01T12:01:55+02:00\"},{\"@type\":\"WebSite\",\"@id\":\"https:\\\/\\\/lefrancophile.com\\\/fr\\\/#website\",\"url\":\"https:\\\/\\\/lefrancophile.com\\\/fr\\\/\",\"name\":\"LeFrancophile\",\"description\":\"The bilingual magazine of l'art de vivre \\u00e0 la Fran\\u00e7aise\",\"inLanguage\":\"fr-FR\",\"publisher\":{\"@id\":\"https:\\\/\\\/lefrancophile.com\\\/fr\\\/#organization\"}}]}\n\t\t<\/script>\n\t\t<!-- All in One SEO Pro -->\r\n\t\t<title>La Guerre des Farines de 1775 : Les \u00e9meutes du pain qui ont secou\u00e9 la France - LeFrancophile<\/title>\n\n","aioseo_head_json":{"title":"La Guerre des Farines de 1775 : Les \u00e9meutes du pain qui ont secou\u00e9 la France - LeFrancophile","description":"Dans la m\u00e9moire collective, la R\u00e9volution fran\u00e7aise \u00e9clate un jour de juillet 1789, port\u00e9e par les id\u00e9aux des Lumi\u00e8res et l\u2019exasp\u00e9ration du peuple face aux privil\u00e8ges. Pourtant, quatorze ans plus t\u00f4t, un s\u00e9isme m\u00e9connu secoue le royaume de France. Au printemps 1775, des dizaines de bourgs et de villes, de la Picardie jusqu\u2019aux portes de - Voyage","canonical_url":"https:\/\/lefrancophile.com\/fr\/la-guerre-des-farines-de-1775-les-emeutes-du-pain-qui-ont-secoue-la-france\/","robots":"max-image-preview:large","keywords":"","webmasterTools":{"p:domain_verify":"fbc8a90fc9500f35d31c3298dea1f28b","miscellaneous":""},"schema":{"@context":"https:\/\/schema.org","@graph":[{"@type":"Article","@id":"https:\/\/lefrancophile.com\/fr\/la-guerre-des-farines-de-1775-les-emeutes-du-pain-qui-ont-secoue-la-france\/#article","name":"La Guerre des Farines de 1775 : Les \u00e9meutes du pain qui ont secou\u00e9 la France - LeFrancophile","headline":"La Guerre des Farines de 1775 : Les \u00e9meutes du pain qui ont secou\u00e9 la France","author":{"@id":"https:\/\/lefrancophile.com\/fr\/author\/jerome\/#author"},"publisher":{"@id":"https:\/\/lefrancophile.com\/fr\/#organization"},"image":{"@type":"ImageObject","url":"https:\/\/lefrancophile.com\/wp-content\/uploads\/2026\/08\/Le_Fermier_brule_ou_la_famille_pauvre_-_Francois_Philippe_Charpentier.png","@id":"https:\/\/lefrancophile.com\/fr\/la-guerre-des-farines-de-1775-les-emeutes-du-pain-qui-ont-secoue-la-france\/#articleImage","width":747,"height":943},"datePublished":"2026-08-31T20:22:36+02:00","dateModified":"2026-09-01T12:01:55+02:00","inLanguage":"fr-FR","mainEntityOfPage":{"@id":"https:\/\/lefrancophile.com\/fr\/la-guerre-des-farines-de-1775-les-emeutes-du-pain-qui-ont-secoue-la-france\/#webpage"},"isPartOf":{"@id":"https:\/\/lefrancophile.com\/fr\/la-guerre-des-farines-de-1775-les-emeutes-du-pain-qui-ont-secoue-la-france\/#webpage"},"articleSection":"Voyage, Facultatif"},{"@type":"BreadcrumbList","@id":"https:\/\/lefrancophile.com\/fr\/la-guerre-des-farines-de-1775-les-emeutes-du-pain-qui-ont-secoue-la-france\/#breadcrumblist","itemListElement":[{"@type":"ListItem","@id":"https:\/\/lefrancophile.com\/fr\/#listItem","position":1,"name":"Home","item":"https:\/\/lefrancophile.com\/fr\/","nextItem":{"@type":"ListItem","@id":"https:\/\/lefrancophile.com\/fr\/category\/voyage\/#listItem","name":"Voyage"}},{"@type":"ListItem","@id":"https:\/\/lefrancophile.com\/fr\/category\/voyage\/#listItem","position":2,"name":"Voyage","item":"https:\/\/lefrancophile.com\/fr\/category\/voyage\/","nextItem":{"@type":"ListItem","@id":"https:\/\/lefrancophile.com\/fr\/la-guerre-des-farines-de-1775-les-emeutes-du-pain-qui-ont-secoue-la-france\/#listItem","name":"La Guerre des Farines de 1775 : Les \u00e9meutes du pain qui ont secou\u00e9 la France"},"previousItem":{"@type":"ListItem","@id":"https:\/\/lefrancophile.com\/fr\/#listItem","name":"Home"}},{"@type":"ListItem","@id":"https:\/\/lefrancophile.com\/fr\/la-guerre-des-farines-de-1775-les-emeutes-du-pain-qui-ont-secoue-la-france\/#listItem","position":3,"name":"La Guerre des Farines de 1775 : Les \u00e9meutes du pain qui ont secou\u00e9 la France","previousItem":{"@type":"ListItem","@id":"https:\/\/lefrancophile.com\/fr\/category\/voyage\/#listItem","name":"Voyage"}}]},{"@type":"Organization","@id":"https:\/\/lefrancophile.com\/fr\/#organization","name":"lefrancophile","description":"The bilingual magazine of l'art de vivre \u00e0 la Fran\u00e7aise","url":"https:\/\/lefrancophile.com\/fr\/","logo":{"@type":"ImageObject","url":"https:\/\/lefrancophile.com\/wp-content\/uploads\/2023\/08\/lefrancophile-vector.svg","@id":"https:\/\/lefrancophile.com\/fr\/la-guerre-des-farines-de-1775-les-emeutes-du-pain-qui-ont-secoue-la-france\/#organizationLogo","width":384,"height":383},"image":{"@id":"https:\/\/lefrancophile.com\/fr\/la-guerre-des-farines-de-1775-les-emeutes-du-pain-qui-ont-secoue-la-france\/#organizationLogo"},"sameAs":["https:\/\/www.facebook.com\/thefrancophile","https:\/\/twitter.com\/legallophile","https:\/\/www.instagram.com\/legallophile","https:\/\/www.pinterest.fr\/lefrancophile"]},{"@type":"Person","@id":"https:\/\/lefrancophile.com\/fr\/author\/jerome\/#author","url":"https:\/\/lefrancophile.com\/fr\/author\/jerome\/","name":"J\u00e9r\u00f4me Roberti","image":{"@type":"ImageObject","@id":"https:\/\/lefrancophile.com\/fr\/la-guerre-des-farines-de-1775-les-emeutes-du-pain-qui-ont-secoue-la-france\/#authorImage","url":"https:\/\/secure.gravatar.com\/avatar\/864bd81f5de2416b7234bf25add444c62cf2488f5c396c5c3cf062baba18350a?s=96&d=mm&r=g","width":96,"height":96,"caption":"J\u00e9r\u00f4me Roberti"}},{"@type":"WebPage","@id":"https:\/\/lefrancophile.com\/fr\/la-guerre-des-farines-de-1775-les-emeutes-du-pain-qui-ont-secoue-la-france\/#webpage","url":"https:\/\/lefrancophile.com\/fr\/la-guerre-des-farines-de-1775-les-emeutes-du-pain-qui-ont-secoue-la-france\/","name":"La Guerre des Farines de 1775 : Les \u00e9meutes du pain qui ont secou\u00e9 la France - LeFrancophile","description":"Dans la m\u00e9moire collective, la R\u00e9volution fran\u00e7aise \u00e9clate un jour de juillet 1789, port\u00e9e par les id\u00e9aux des Lumi\u00e8res et l\u2019exasp\u00e9ration du peuple face aux privil\u00e8ges. Pourtant, quatorze ans plus t\u00f4t, un s\u00e9isme m\u00e9connu secoue le royaume de France. Au printemps 1775, des dizaines de bourgs et de villes, de la Picardie jusqu\u2019aux portes de - Voyage","inLanguage":"fr-FR","isPartOf":{"@id":"https:\/\/lefrancophile.com\/fr\/#website"},"breadcrumb":{"@id":"https:\/\/lefrancophile.com\/fr\/la-guerre-des-farines-de-1775-les-emeutes-du-pain-qui-ont-secoue-la-france\/#breadcrumblist"},"author":{"@id":"https:\/\/lefrancophile.com\/fr\/author\/jerome\/#author"},"creator":{"@id":"https:\/\/lefrancophile.com\/fr\/author\/jerome\/#author"},"datePublished":"2026-08-31T20:22:36+02:00","dateModified":"2026-09-01T12:01:55+02:00"},{"@type":"WebSite","@id":"https:\/\/lefrancophile.com\/fr\/#website","url":"https:\/\/lefrancophile.com\/fr\/","name":"LeFrancophile","description":"The bilingual magazine of l'art de vivre \u00e0 la Fran\u00e7aise","inLanguage":"fr-FR","publisher":{"@id":"https:\/\/lefrancophile.com\/fr\/#organization"}}]},"og:locale":"fr_FR","og:site_name":"LeFrancophile","og:type":"article","og:title":"La Guerre des Farines de 1775 : Les \u00e9meutes du pain qui ont secou\u00e9 la France - LeFrancophile","og:description":"Dans la m\u00e9moire collective, la R\u00e9volution fran\u00e7aise \u00e9clate un jour de juillet 1789, port\u00e9e par les id\u00e9aux des Lumi\u00e8res et l\u2019exasp\u00e9ration du peuple face aux privil\u00e8ges. Pourtant, quatorze ans plus t\u00f4t, un s\u00e9isme m\u00e9connu secoue le royaume de France. Au printemps 1775, des dizaines de bourgs et de villes, de la Picardie jusqu\u2019aux portes de - Voyage","og:url":"https:\/\/lefrancophile.com\/fr\/la-guerre-des-farines-de-1775-les-emeutes-du-pain-qui-ont-secoue-la-france\/","fb:admins":"100090014107271","og:image":"https:\/\/lefrancophile.com\/wp-content\/uploads\/2023\/08\/lefrancophile-vector.svg","og:image:secure_url":"https:\/\/lefrancophile.com\/wp-content\/uploads\/2023\/08\/lefrancophile-vector.svg","og:image:width":384,"og:image:height":383,"article:tag":["voyage"],"article:published_time":"2026-08-31T18:22:36+00:00","article:modified_time":"2026-09-01T10:01:55+00:00","article:publisher":"https:\/\/www.facebook.com\/thefrancophile","twitter:card":"summary_large_image","twitter:site":"@legallophile","twitter:title":"La Guerre des Farines de 1775 : Les \u00e9meutes du pain qui ont secou\u00e9 la France - LeFrancophile","twitter:description":"Dans la m\u00e9moire collective, la R\u00e9volution fran\u00e7aise \u00e9clate un jour de juillet 1789, port\u00e9e par les id\u00e9aux des Lumi\u00e8res et l\u2019exasp\u00e9ration du peuple face aux privil\u00e8ges. Pourtant, quatorze ans plus t\u00f4t, un s\u00e9isme m\u00e9connu secoue le royaume de France. Au printemps 1775, des dizaines de bourgs et de villes, de la Picardie jusqu\u2019aux portes de - Voyage","twitter:creator":"@legallophile","twitter:image":"https:\/\/lefrancophile.com\/wp-content\/uploads\/2023\/08\/lefrancophile-vector.svg","twitter:label1":"Written by","twitter:data1":"J\u00e9r\u00f4me Roberti","twitter:label2":"Est. reading time","twitter:data2":"3 minutes"},"aioseo_meta_data":{"post_id":"20938","title":null,"description":null,"keywords":null,"keyphrases":{"focus":{"keyphrase":"","score":0,"analysis":{"keyphraseInTitle":{"score":0,"maxScore":9,"error":1}}},"additional":[]},"primary_term":null,"canonical_url":null,"og_title":null,"og_description":null,"og_object_type":"default","og_image_type":"default","og_image_url":null,"og_image_width":null,"og_image_height":null,"og_image_custom_url":null,"og_image_custom_fields":null,"og_video":"","og_custom_url":null,"og_article_section":null,"og_article_tags":null,"twitter_use_og":false,"twitter_card":"default","twitter_image_type":"default","twitter_image_url":null,"twitter_image_custom_url":null,"twitter_image_custom_fields":null,"twitter_title":null,"twitter_description":null,"schema":{"blockGraphs":[],"customGraphs":[],"default":{"data":{"Article":[],"Course":[],"Dataset":[],"FAQPage":[],"Movie":[],"Person":[],"Product":[],"ProductReview":[],"Car":[],"Recipe":[],"Service":[],"SoftwareApplication":[],"WebPage":[]},"graphName":"Article","isEnabled":true},"graphs":[]},"schema_type":"default","schema_type_options":null,"pillar_content":false,"robots_default":true,"robots_noindex":false,"robots_noarchive":false,"robots_nosnippet":false,"robots_nofollow":false,"robots_noimageindex":false,"robots_noodp":false,"robots_notranslate":false,"robots_max_snippet":"-1","robots_max_videopreview":"-1","robots_max_imagepreview":"large","priority":null,"frequency":"default","local_seo":null,"seo_analyzer_scan_date":"2026-09-01 10:02:15","breadcrumb_settings":null,"limit_modified_date":false,"reviewed_by":null,"open_ai":null,"ai":{"faqs":[],"keyPoints":[],"schemas":[],"titles":[],"descriptions":[],"socialPosts":{"email":{"subject":"","preview":"","content":""},"linkedin":[],"twitter":[],"facebook":[],"instagram":[]}},"created":"2026-08-31 18:13:16","updated":"2026-09-01 10:06:07","focus_keyword":null,"additional_keywords":null,"truseo_locale":null},"aioseo_breadcrumb":"<div class=\"aioseo-breadcrumbs\"><span class=\"aioseo-breadcrumb\">\n\t<a href=\"https:\/\/lefrancophile.com\/fr\/\" title=\"Home\">Home<\/a>\n<\/span><span class=\"aioseo-breadcrumb-separator\">&raquo;<\/span><span class=\"aioseo-breadcrumb\">\n\t<a href=\"https:\/\/lefrancophile.com\/fr\/category\/voyage\/\" title=\"Voyage\">Voyage<\/a>\n<\/span><span class=\"aioseo-breadcrumb-separator\">&raquo;<\/span><span class=\"aioseo-breadcrumb\">\n\tLa Guerre des Farines de 1775 : Les \u00e9meutes du pain qui ont secou\u00e9 la France\n<\/span><\/div>","aioseo_breadcrumb_json":[{"label":"Home","link":"https:\/\/lefrancophile.com\/fr\/"},{"label":"Voyage","link":"https:\/\/lefrancophile.com\/fr\/category\/voyage\/"},{"label":"La Guerre des Farines de 1775 : Les \u00e9meutes du pain qui ont secou\u00e9 la France","link":"https:\/\/lefrancophile.com\/fr\/la-guerre-des-farines-de-1775-les-emeutes-du-pain-qui-ont-secoue-la-france\/"}],"_links":{"self":[{"href":"https:\/\/lefrancophile.com\/fr\/wp-json\/wp\/v2\/posts\/20938","targetHints":{"allow":["GET"]}}],"collection":[{"href":"https:\/\/lefrancophile.com\/fr\/wp-json\/wp\/v2\/posts"}],"about":[{"href":"https:\/\/lefrancophile.com\/fr\/wp-json\/wp\/v2\/types\/post"}],"author":[{"embeddable":true,"href":"https:\/\/lefrancophile.com\/fr\/wp-json\/wp\/v2\/users\/99"}],"replies":[{"embeddable":true,"href":"https:\/\/lefrancophile.com\/fr\/wp-json\/wp\/v2\/comments?post=20938"}],"version-history":[{"count":3,"href":"https:\/\/lefrancophile.com\/fr\/wp-json\/wp\/v2\/posts\/20938\/revisions"}],"predecessor-version":[{"id":20946,"href":"https:\/\/lefrancophile.com\/fr\/wp-json\/wp\/v2\/posts\/20938\/revisions\/20946"}],"wp:attachment":[{"href":"https:\/\/lefrancophile.com\/fr\/wp-json\/wp\/v2\/media?parent=20938"}],"wp:term":[{"taxonomy":"category","embeddable":true,"href":"https:\/\/lefrancophile.com\/fr\/wp-json\/wp\/v2\/categories?post=20938"},{"taxonomy":"post_tag","embeddable":true,"href":"https:\/\/lefrancophile.com\/fr\/wp-json\/wp\/v2\/tags?post=20938"}],"curies":[{"name":"wp","href":"https:\/\/api.w.org\/{rel}","templated":true}]}}