{"id":18607,"date":"2018-07-18T10:27:09","date_gmt":"2018-07-18T08:27:09","guid":{"rendered":"https:\/\/lefrancophile.com\/interieur-un-roman-de-thomas-clerc\/"},"modified":"2025-12-27T14:55:57","modified_gmt":"2025-12-27T13:55:57","slug":"interieur-un-roman-de-thomas-clerc","status":"publish","type":"post","link":"https:\/\/lefrancophile.com\/fr\/interieur-un-roman-de-thomas-clerc\/","title":{"rendered":"Int\u00e9rieur un roman de Thomas Clerc"},"content":{"rendered":"<h1>Int\u00e9rieur -Thomas Clerc<\/h1>\n<p style=\"text-align: justify;\"><span style=\"font-size: 14pt; color: #002654;\">Exp\u00e9rience comique de sociologie et d&#8217;\u00e9gocentrisme, l&#8217;autobiographie <a title=\"Int\u00e9rieur-thomas clerc\" href=\"https:\/\/www.amazon.com\/Interior-Novel-Thomas-Clerc-ebook\/dp\/B078H1M4P1?crid=1Y93YH8TWDBUM&amp;keywords=interior+thomas+clerc&amp;qid=1669251563&amp;sprefix=interior+thomas+clerc%2Caps%2C375&amp;sr=8-1&amp;linkCode=ll1&amp;tag=lefrancophile-20&amp;linkId=b3fc4cc24059d27b119a7365713deda0&amp;language=en_US&amp;ref_=as_li_ss_tl\" target=\"_blank\" rel=\"noopener sponsored\">Interior<\/a> de l&#8217;auteur prim\u00e9 Thomas Clerc est une invitation unique \u00e0 p\u00e9n\u00e9trer dans les pr\u00e9occupations et les possessions d&#8217;un professeur \u00e0 l&#8217;int\u00e9rieur des pi\u00e8ces d&#8217;un petit appartement parisien.<\/span><\/p>\n<figure style=\"width: 167px\" class=\"wp-caption alignleft\"><a href=\"https:\/\/www.amazon.com\/Interior-Novel-Thomas-Clerc-ebook\/dp\/B078H1M4P1?crid=1Y93YH8TWDBUM&amp;keywords=interior+thomas+clerc&amp;qid=1669251563&amp;sprefix=interior+thomas+clerc%2Caps%2C375&amp;sr=8-1&amp;linkCode=li3&amp;tag=lefrancophile-20&amp;linkId=5e484260ec015aff63b243520c04631a&amp;language=en_US&amp;ref_=as_li_ss_il\" target=\"_blank\" rel=\"noopener sponsored\"><img loading=\"lazy\" decoding=\"async\" src=\"\/\/ws-na.amazon-adsystem.com\/widgets\/q?_encoding=UTF8&amp;ASIN=B078H1M4P1&amp;Format=_SL250_&amp;ID=AsinImage&amp;MarketPlace=US&amp;ServiceVersion=20070822&amp;WS=1&amp;tag=lefrancophile-20&amp;language=en_US\" alt=\"Int\u00e9rieur Thomas Clerc\" width=\"167\" height=\"250\" border=\"0\"><\/a><figcaption class=\"wp-caption-text\"><a title=\"Int\u00e9rieur-thomas clerc\" href=\"https:\/\/www.amazon.com\/Interior-Novel-Thomas-Clerc-ebook\/dp\/B078H1M4P1?crid=1Y93YH8TWDBUM&amp;keywords=interior+thomas+clerc&amp;qid=1669251563&amp;sprefix=interior+thomas+clerc%2Caps%2C375&amp;sr=8-1&amp;linkCode=ll1&amp;tag=lefrancophile-20&amp;linkId=b3fc4cc24059d27b119a7365713deda0&amp;language=en_US&amp;ref_=as_li_ss_tl\" target=\"_blank\" rel=\"noopener sponsored\">Disponible sur Amazon<\/a><\/figcaption><\/figure>\n<p style=\"text-align: justify;\"><span style=\"font-size: 14pt; color: #002654;\">Compos\u00e9e de petites vignettes, de souvenirs et de digressions, et remplie de transitions amusantes entre la description pure et la r\u00e9miniscence excentrique, cette visite m\u00e9ticuleuse \u00e0 travers les pi\u00e8ces de la maison de Clerc r\u00e9v\u00e8le des aper\u00e7us fascinants sur les obsessions, les d\u00e9sirs et les frustrations de l&#8217;auteur. Chaque espace est d\u00e9crit avec minutie, parfois au centim\u00e8tre pr\u00e8s, et l&#8217;histoire de chaque objet et appareil est enti\u00e8rement fouill\u00e9e avec un humour plein d&#8217;autod\u00e9rision. Des vari\u00e9t\u00e9s id\u00e9ales de livres \u00e0 lire dans la salle de bain \u00e0 la couleur de son porte-vaisselle en passant par le chaos de son tiroir \u00e0 chaussettes, Clerc nous guide avec bonheur et sans vergogne dans les recoins les plus intimes de sa maison, ainsi que dans toutes les strates de son existence de citadin bourgeois approchant de l&#8217;\u00e2ge m\u00fbr.  <\/span><\/p>\n<p><span style=\"font-size: 14pt; color: #002654;\">Ludique et irr\u00e9v\u00e9rencieux, ainsi qu&#8217;un commentaire sournois sur le mat\u00e9rialisme, Interior trouve le drame dans le domestique et l&#8217;humour noir dans chaque tentative vou\u00e9e \u00e0 l&#8217;\u00e9chec d&#8217;exprimer son individualit\u00e9 \u00e0 travers les choses que l&#8217;on poss\u00e8de.<\/span><\/p>\n<p>&nbsp;<\/p>\n<p>Farrar, Straus et Giroux (10 juillet 2018) 338 pages<\/p>\n","protected":false},"excerpt":{"rendered":"<p>Int\u00e9rieur -Thomas Clerc Exp\u00e9rience comique de sociologie et d&#8217;\u00e9gocentrisme, l&#8217;autobiographie Interior de l&#8217;auteur prim\u00e9 Thomas Clerc est une invitation unique \u00e0 p\u00e9n\u00e9trer dans les pr\u00e9occupations et les possessions d&#8217;un professeur \u00e0 l&#8217;int\u00e9rieur des pi\u00e8ces d&#8217;un petit appartement parisien. Compos\u00e9e de petites vignettes, de souvenirs et de digressions, et remplie de transitions amusantes entre la description [&hellip;]<\/p>\n","protected":false},"author":24,"featured_media":9795,"comment_status":"closed","ping_status":"closed","sticky":false,"template":"","format":"standard","meta":{"inline_featured_image":false,"footnotes":""},"categories":[2868],"tags":[2617,2610],"class_list":{"0":"post-18607","1":"post","2":"type-post","3":"status-publish","4":"format-standard","5":"has-post-thumbnail","7":"category-litterature","8":"tag-auteurs-francais-contemporains","9":"tag-litterature-francaise"},"aioseo_notices":[],"_links":{"self":[{"href":"https:\/\/lefrancophile.com\/fr\/wp-json\/wp\/v2\/posts\/18607","targetHints":{"allow":["GET"]}}],"collection":[{"href":"https:\/\/lefrancophile.com\/fr\/wp-json\/wp\/v2\/posts"}],"about":[{"href":"https:\/\/lefrancophile.com\/fr\/wp-json\/wp\/v2\/types\/post"}],"author":[{"embeddable":true,"href":"https:\/\/lefrancophile.com\/fr\/wp-json\/wp\/v2\/users\/24"}],"replies":[{"embeddable":true,"href":"https:\/\/lefrancophile.com\/fr\/wp-json\/wp\/v2\/comments?post=18607"}],"version-history":[{"count":0,"href":"https:\/\/lefrancophile.com\/fr\/wp-json\/wp\/v2\/posts\/18607\/revisions"}],"wp:featuredmedia":[{"embeddable":true,"href":"https:\/\/lefrancophile.com\/fr\/wp-json\/wp\/v2\/media\/9795"}],"wp:attachment":[{"href":"https:\/\/lefrancophile.com\/fr\/wp-json\/wp\/v2\/media?parent=18607"}],"wp:term":[{"taxonomy":"category","embeddable":true,"href":"https:\/\/lefrancophile.com\/fr\/wp-json\/wp\/v2\/categories?post=18607"},{"taxonomy":"post_tag","embeddable":true,"href":"https:\/\/lefrancophile.com\/fr\/wp-json\/wp\/v2\/tags?post=18607"}],"curies":[{"name":"wp","href":"https:\/\/api.w.org\/{rel}","templated":true}]}}