{"id":10459,"date":"2010-02-20T11:47:41","date_gmt":"2010-02-20T10:47:41","guid":{"rendered":"https:\/\/lefrancophile.com\/aliments-francais-traditionnels\/"},"modified":"2025-11-25T06:11:37","modified_gmt":"2025-11-25T05:11:37","slug":"aliments-francais-traditionnels","status":"publish","type":"post","link":"https:\/\/lefrancophile.com\/fr\/aliments-francais-traditionnels\/","title":{"rendered":"Aliments fran\u00e7ais traditionnels"},"content":{"rendered":"<p><span style=\"color: #002654;\"><span style=\"font-size: 14pt;\">Lorsqu&#8217;il s&#8217;agit de cuisine classique, on ne peut nier que la France poss\u00e8de un h\u00e9ritage tr\u00e8s important. La cuisine fran\u00e7aise s&#8217;est r\u00e9pandue dans toutes les parties du monde, inspirant et influen\u00e7ant les gens partout.  <\/span><strong><span style=\"font-size: 14pt;\">Quels sont les plats traditionnels fran\u00e7ais les plus connus ?  <\/span><\/strong><img loading=\"lazy\" decoding=\"async\" class=\"alignright wp-image-1130\" src=\"https:\/\/lefrancophile.com\/wp-content\/uploads\/2010\/02\/french-baguette.gif\" alt=\"Baguette fran\u00e7aise\" width=\"371\" height=\"278\"><\/span><\/p>\n<p style=\"text-align: justify;\"><span style=\"font-size: 14pt; color: #002654;\">Tout d&#8217;abord, la France est un pays qui a une <strong>riche tradition en mati\u00e8re de pain<\/strong>.<\/span><\/p>\n<p style=\"text-align: justify;\"><span style=\"font-size: 14pt; color: #002654;\">La France a \u00e9galement une longue tradition de cuisine paysanne. Bien que la cuisine fran\u00e7aise soit souvent st\u00e9r\u00e9otyp\u00e9e comme \u00e9tant tr\u00e8s raffin\u00e9e et complexe, il existe \u00e9galement de nombreux plats qui sont con\u00e7us pour nourrir les personnes qui travaillaient dans les champs.<\/span><\/p>\n<p><span style=\"font-size: 14pt; color: #002654;\">Lefrancophile a dress\u00e9 une liste des aliments traditionnels fran\u00e7ais les plus c\u00e9l\u00e8bres.<\/span><\/p>\n<h2><strong><span style=\"color: #002654;\">Andouillette de Troyes (Champagne Ardenne)<\/span><\/strong><\/h2>\n<figure id=\"attachment_5476\" aria-describedby=\"caption-attachment-5476\" style=\"width: 300px\" class=\"wp-caption alignright\"><a href=\"https:\/\/lefrancophile.com\/wp-content\/uploads\/2010\/02\/Andouillettes-300x166.jpg\"><img loading=\"lazy\" decoding=\"async\" class=\"wp-image-5476 size-medium\" src=\"https:\/\/lefrancophile.com\/wp-content\/uploads\/2010\/02\/Andouillettes-300x166.jpg\" alt=\"Andouillettes de Troyes\" width=\"300\" height=\"166\" srcset=\"https:\/\/lefrancophile.com\/wp-content\/uploads\/2010\/02\/Andouillettes-300x166.jpg 300w, https:\/\/lefrancophile.com\/wp-content\/uploads\/2010\/02\/Andouillettes-150x83.jpg 150w, https:\/\/lefrancophile.com\/wp-content\/uploads\/2010\/02\/Andouillettes.jpg 521w\" sizes=\"auto, (max-width: 300px) 100vw, 300px\" \/><\/a><figcaption id=\"caption-attachment-5476\" class=\"wp-caption-text\"><a href=\"Saveurs%20France,%20Andouillettes%20(D.Lemelle,%20Troyes)%20cropped,%20CC%20BY-SA%204.0\" target=\"_blank\" rel=\"nofollow noopener\">Par Saveurs France, CC BY-SA 4.0,<\/a><\/figcaption><\/figure>\n<p style=\"text-align: justify;\"><span style=\"font-size: 14pt; color: #002654;\">Saucisse issue du tube digestif scrupuleusement nettoy\u00e9 de porcs et de veaux et agr\u00e9ment\u00e9e d&#8217;herbes, d&#8217;\u00e9pices, de condiments et de vins. Vendue cuite, sauf cas tr\u00e8s exceptionnel, elle a un go\u00fbt et une odeur de cour de ferme tr\u00e8s prononc\u00e9s.<\/span><\/p>\n<h2><strong><span style=\"color: #002654;\">Apfelstrudel Alsacien (Alsace)<\/span><\/strong><\/h2>\n<figure id=\"attachment_5463\" aria-describedby=\"caption-attachment-5463\" style=\"width: 300px\" class=\"wp-caption alignleft\"><a href=\"https:\/\/lefrancophile.com\/wp-content\/uploads\/2010\/02\/Apfelstrudel-scaled.jpg\"><img loading=\"lazy\" decoding=\"async\" class=\"wp-image-5463 size-medium\" src=\"https:\/\/lefrancophile.com\/wp-content\/uploads\/2010\/02\/Apfelstrudel-300x224.jpg\" alt=\"Apfelstrudel sur une assiette avec de la cr\u00e8me\" width=\"300\" height=\"224\" srcset=\"https:\/\/lefrancophile.com\/wp-content\/uploads\/2010\/02\/Apfelstrudel-300x224.jpg 300w, https:\/\/lefrancophile.com\/wp-content\/uploads\/2010\/02\/Apfelstrudel-1920x1435.jpg 1920w, https:\/\/lefrancophile.com\/wp-content\/uploads\/2010\/02\/Apfelstrudel-768x574.jpg 768w, https:\/\/lefrancophile.com\/wp-content\/uploads\/2010\/02\/Apfelstrudel-1024x766.jpg 1024w, https:\/\/lefrancophile.com\/wp-content\/uploads\/2010\/02\/Apfelstrudel-1536x1148.jpg 1536w, https:\/\/lefrancophile.com\/wp-content\/uploads\/2010\/02\/Apfelstrudel-2048x1531.jpg 2048w, https:\/\/lefrancophile.com\/wp-content\/uploads\/2010\/02\/Apfelstrudel-562x420.jpg 562w, https:\/\/lefrancophile.com\/wp-content\/uploads\/2010\/02\/Apfelstrudel-80x60.jpg 80w, https:\/\/lefrancophile.com\/wp-content\/uploads\/2010\/02\/Apfelstrudel-150x112.jpg 150w, https:\/\/lefrancophile.com\/wp-content\/uploads\/2010\/02\/Apfelstrudel-485x360.jpg 485w, https:\/\/lefrancophile.com\/wp-content\/uploads\/2010\/02\/Apfelstrudel-696x520.jpg 696w, https:\/\/lefrancophile.com\/wp-content\/uploads\/2010\/02\/Apfelstrudel-1068x798.jpg 1068w, https:\/\/lefrancophile.com\/wp-content\/uploads\/2010\/02\/Apfelstrudel-265x198.jpg 265w\" sizes=\"auto, (max-width: 300px) 100vw, 300px\" \/><\/a><figcaption id=\"caption-attachment-5463\" class=\"wp-caption-text\"><a href=\"Bj%C3%B6rn%20L%C3%A1czay,%20Thomas'%20Apfelstrudel,%20CC%20BY-SA%202.0\" target=\"_blank\" rel=\"nofollow noopener\">Par Bj\u00f6rn L\u00e1czay - Flickr : Apfelstrudel de Thomas, CC BY-SA 2.0,<\/a><\/figcaption><\/figure>\n<p style=\"text-align: justify;\"><span style=\"font-size: 14pt; color: #002654;\">Un g\u00e2teau fait d&#8217;une fine p\u00e2te filo appel\u00e9e strudelteig (p\u00e2te \u00e0 strudel), fourr\u00e9 de gros morceaux de pommes acidul\u00e9es, de noix concass\u00e9es, d&#8217;amandes moulues, de cannelle et de raisins secs, servi chaud avec de la cr\u00e8me fra\u00eeche.<\/span><\/p>\n<h2><\/h2>\n<h2 style=\"text-align: justify;\"><strong><span style=\"color: #002654;\">Baeckeoffe Alsace (Alsace)<\/span><\/strong><\/h2>\n<figure id=\"attachment_6482\" aria-describedby=\"caption-attachment-6482\" style=\"width: 300px\" class=\"wp-caption alignright\"><a href=\"https:\/\/lefrancophile.com\/wp-content\/uploads\/2010\/02\/Baeckeoffe-300x198.png\"><img loading=\"lazy\" decoding=\"async\" class=\"wp-image-6482 size-medium\" src=\"https:\/\/lefrancophile.com\/wp-content\/uploads\/2010\/02\/Baeckeoffe-300x198.png\" alt=\"\" width=\"300\" height=\"198\" srcset=\"https:\/\/lefrancophile.com\/wp-content\/uploads\/2010\/02\/Baeckeoffe-300x198.png 300w, https:\/\/lefrancophile.com\/wp-content\/uploads\/2010\/02\/Baeckeoffe-768x508.png 768w, https:\/\/lefrancophile.com\/wp-content\/uploads\/2010\/02\/Baeckeoffe-1024x677.png 1024w, https:\/\/lefrancophile.com\/wp-content\/uploads\/2010\/02\/Baeckeoffe-635x420.png 635w, https:\/\/lefrancophile.com\/wp-content\/uploads\/2010\/02\/Baeckeoffe-150x99.png 150w, https:\/\/lefrancophile.com\/wp-content\/uploads\/2010\/02\/Baeckeoffe-696x460.png 696w, https:\/\/lefrancophile.com\/wp-content\/uploads\/2010\/02\/Baeckeoffe-1068x706.png 1068w, https:\/\/lefrancophile.com\/wp-content\/uploads\/2010\/02\/Baeckeoffe-741x486.png 741w, https:\/\/lefrancophile.com\/wp-content\/uploads\/2010\/02\/Baeckeoffe.png 1369w\" sizes=\"auto, (max-width: 300px) 100vw, 300px\" \/><\/a><figcaption id=\"caption-attachment-6482\" class=\"wp-caption-text\"><a href=\"anonymous,%20Baeckeoffe,%20background%20by%20Graham%20Hill,%20CC%20BY-SA%203.0\" target=\"_blank\" rel=\"nofollow noopener\">anonyme, Baeckeoffe, arri\u00e8re-plan par Graham Hill, CC BY-SA 3.0<\/a><\/figcaption><\/figure>\n<p style=\"text-align: justify;\"><span style=\"font-size: 14pt; color: #002654;\">De l&#8217;alsacien Beckeoffe, qui signifie  <\/span><span style=\"font-size: 14pt; color: #002654;\">est un plat traditionnel alsacien compos\u00e9 de pommes de terre, de l\u00e9gumes et d&#8217;un assortiment d&#8217;agneau, de b\u0153uf et de porc, marin\u00e9s, puis cuits \u00e0 l&#8217;\u00e9touff\u00e9e pendant plus de 24 heures dans une terrine, avec des \u00e9pices et du vin blanc d&#8217;Alsace. \u00c0 l&#8217;origine, il s&#8217;agissait d&#8217;un plat laiss\u00e9 par les Juifs dans le four du boulanger chr\u00e9tien avant le d\u00e9but du shabbat, le vendredi, et r\u00e9cup\u00e9r\u00e9 apr\u00e8s la Havdalah, le samedi soir.<\/span><\/p>\n<h2><strong><span style=\"color: #002654;\">Beurre d&#8217;Echir\u00e9(Poitou charentes)<\/span><\/strong><\/h2>\n<p style=\"text-align: justify;\"><span style=\"font-size: 14pt; color: #002645;\"><a href=\"https:\/\/lefrancophile.com\/wp-content\/uploads\/2010\/02\/AOP-Beurre-de-Charentes.png\"><img loading=\"lazy\" decoding=\"async\" class=\"alignright wp-image-5466 size-full\" src=\"https:\/\/lefrancophile.com\/wp-content\/uploads\/2010\/02\/AOP-Beurre-de-Charentes.png\" alt=\"Label AOP Beurre de Charentes Poitou\" width=\"200\" height=\"200\" srcset=\"https:\/\/lefrancophile.com\/wp-content\/uploads\/2010\/02\/AOP-Beurre-de-Charentes.png 200w, https:\/\/lefrancophile.com\/wp-content\/uploads\/2010\/02\/AOP-Beurre-de-Charentes-150x150.png 150w\" sizes=\"auto, (max-width: 200px) 100vw, 200px\" \/><\/a>La laiterie d&#8217;\u00c9chir\u00e9 a \u00e9t\u00e9 fond\u00e9e en 1891 et s&#8217;est transform\u00e9e en coop\u00e9rative en 1894. Soixante coop\u00e9rateurs, dont les exploitations sont situ\u00e9es dans un rayon de 50 km autour d&#8217;\u00c9chir\u00e9, fournissent le lait utilis\u00e9 pour fabriquer ce riche beurre AOP.<\/span><br \/>\n<span style=\"font-size: 14pt; color: #002645;\">Des tonneaux en teck barattent la cr\u00e8me, n\u00e9cessitant vingt-deux litres de lait pour fabriquer un kilo de beurre rendu c\u00e9l\u00e8bre par le \"Roi des Cuisiniers\" Alexandre Dumaine (1895-1974), chef de l&#8217;H\u00f4tel de la C\u00f4te d&#8217;Or \u00e0 Saulieu, trois \u00e9toiles au guide Michelin.<\/span><\/p>\n<p>&nbsp;<\/p>\n<h2><strong><span style=\"color: #002654;\">Boudin Blanc de Rethel (Champagne Ardenne)<\/span><\/strong><\/h2>\n<figure id=\"attachment_5469\" aria-describedby=\"caption-attachment-5469\" style=\"width: 300px\" class=\"wp-caption alignleft\"><a href=\"https:\/\/lefrancophile.com\/wp-content\/uploads\/2022\/12\/Boudin-de-Rethel-300x225.jpg\"><img loading=\"lazy\" decoding=\"async\" class=\"size-medium wp-image-5469\" src=\"https:\/\/lefrancophile.com\/wp-content\/uploads\/2022\/12\/Boudin-de-Rethel-300x225.jpg\" alt=\"Boudin Blanc de Rethel\" width=\"300\" height=\"225\" srcset=\"https:\/\/lefrancophile.com\/wp-content\/uploads\/2022\/12\/Boudin-de-Rethel-300x225.jpg 300w, https:\/\/lefrancophile.com\/wp-content\/uploads\/2022\/12\/Boudin-de-Rethel-768x576.jpg 768w, https:\/\/lefrancophile.com\/wp-content\/uploads\/2022\/12\/Boudin-de-Rethel-1024x768.jpg 1024w, https:\/\/lefrancophile.com\/wp-content\/uploads\/2022\/12\/Boudin-de-Rethel-1536x1152.jpg 1536w, https:\/\/lefrancophile.com\/wp-content\/uploads\/2022\/12\/Boudin-de-Rethel-2048x1536.jpg 2048w, https:\/\/lefrancophile.com\/wp-content\/uploads\/2022\/12\/Boudin-de-Rethel-560x420.jpg 560w, https:\/\/lefrancophile.com\/wp-content\/uploads\/2022\/12\/Boudin-de-Rethel-80x60.jpg 80w, https:\/\/lefrancophile.com\/wp-content\/uploads\/2022\/12\/Boudin-de-Rethel-150x113.jpg 150w, https:\/\/lefrancophile.com\/wp-content\/uploads\/2022\/12\/Boudin-de-Rethel-696x522.jpg 696w, https:\/\/lefrancophile.com\/wp-content\/uploads\/2022\/12\/Boudin-de-Rethel-1068x801.jpg 1068w, https:\/\/lefrancophile.com\/wp-content\/uploads\/2022\/12\/Boudin-de-Rethel-1920x1440.jpg 1920w, https:\/\/lefrancophile.com\/wp-content\/uploads\/2022\/12\/Boudin-de-Rethel-265x198.jpg 265w\" sizes=\"auto, (max-width: 300px) 100vw, 300px\" \/><\/a><figcaption id=\"caption-attachment-5469\" class=\"wp-caption-text\">Par Adri08 - Travail personnel, CC BY-SA 3.0,<\/figcaption><\/figure>\n<p style=\"text-align: justify;\"><span style=\"font-size: 14pt; color: #002645;\">Le boudin blanc de Rethel est un boudin \u00e0 base de porc, de lait, d&#8217;\u0153ufs frais, de sel, de poivre gris et blanc et d&#8217;\u00e9chalotes. D&#8217;autres ingr\u00e9dients sont parfois ajout\u00e9s, comme des truffes ou des c\u00e8pes.  <\/span><span style=\"font-size: 14pt; color: #002645;\">Le Boudin Blanc de Rethel b\u00e9n\u00e9ficie de l&#8217;Indication G\u00e9ographique Prot\u00e9g\u00e9e (IGP), ce qui signifie que sa r\u00e9putation provient du lieu de production.  <\/span><br \/>\n<span style=\"font-size: 14pt; color: #002645;\">En 1626, le cardinal de Richelieu interdit les duels, obligeant M. Jacques-Augustin-Henri Chamarande, officier du roi et duelliste, \u00e0 se cacher \u00e0 Rethel pour \u00e9viter d&#8217;\u00eatre arr\u00eat\u00e9. Il ouvre une charcuterie et produit un boudin blanc si particulier qu&#8217;il prend le nom de la ville<\/span><\/p>\n<h2><strong><span style=\"color: #002654;\">B\u0153uf Bourguignon (Bourgogne)<\/span><\/strong><\/h2>\n<p style=\"text-align: justify;\"><span style=\"font-size: 14pt; color: #002645;\"><a href=\"https:\/\/lefrancophile.com\/wp-content\/uploads\/2010\/02\/Boeuf-Bourguignon-300x217.png\"><img loading=\"lazy\" decoding=\"async\" class=\"alignright size-medium wp-image-6489\" src=\"https:\/\/lefrancophile.com\/wp-content\/uploads\/2010\/02\/Boeuf-Bourguignon-300x217.png\" alt=\"\" width=\"300\" height=\"217\" srcset=\"https:\/\/lefrancophile.com\/wp-content\/uploads\/2010\/02\/Boeuf-Bourguignon-300x217.png 300w, https:\/\/lefrancophile.com\/wp-content\/uploads\/2010\/02\/Boeuf-Bourguignon-581x420.png 581w, https:\/\/lefrancophile.com\/wp-content\/uploads\/2010\/02\/Boeuf-Bourguignon-150x108.png 150w, https:\/\/lefrancophile.com\/wp-content\/uploads\/2010\/02\/Boeuf-Bourguignon-696x503.png 696w, https:\/\/lefrancophile.com\/wp-content\/uploads\/2010\/02\/Boeuf-Bourguignon-324x235.png 324w, https:\/\/lefrancophile.com\/wp-content\/uploads\/2010\/02\/Boeuf-Bourguignon.png 765w\" sizes=\"auto, (max-width: 300px) 100vw, 300px\" \/><\/a>Le b\u0153uf bourguignon est un rago\u00fbt de b\u0153uf brais\u00e9 dans du vin rouge, du bouillon de b\u0153uf, de l&#8217;ail, des oignons perl\u00e9s, des herbes fra\u00eeches et des champignons. Plat paysan traditionnel, le b\u0153uf mijot\u00e9 lentement dans du vin pendant deux jours attendrit les morceaux de viande les moins chers et intensifie les saveurs. En Bourgogne, la F\u00eate du Charolais, qui a lieu au mois d&#8217;ao\u00fbt, c\u00e9l\u00e8bre le b\u0153uf charolais avec de la musique, du vin et du b\u0153uf bourguignon.<\/span><\/p>\n<h2><strong><span style=\"color: #002654;\">Bouillabaisse (Provence Alpes Cote d&#8217;Azur)<\/span><\/strong><\/h2>\n<p style=\"text-align: justify;\"><span style=\"font-size: 14pt; color: #002645;\"><a href=\"https:\/\/lefrancophile.com\/wp-content\/uploads\/2010\/02\/Bouillabaise-300x204.png\"><img loading=\"lazy\" decoding=\"async\" class=\"size-medium wp-image-6476 alignleft\" src=\"https:\/\/lefrancophile.com\/wp-content\/uploads\/2010\/02\/Bouillabaise-300x204.png\" alt=\"\" width=\"300\" height=\"204\" srcset=\"https:\/\/lefrancophile.com\/wp-content\/uploads\/2010\/02\/Bouillabaise-300x204.png 300w, https:\/\/lefrancophile.com\/wp-content\/uploads\/2010\/02\/Bouillabaise-768x523.png 768w, https:\/\/lefrancophile.com\/wp-content\/uploads\/2010\/02\/Bouillabaise-1024x698.png 1024w, https:\/\/lefrancophile.com\/wp-content\/uploads\/2010\/02\/Bouillabaise-1536x1046.png 1536w, https:\/\/lefrancophile.com\/wp-content\/uploads\/2010\/02\/Bouillabaise-617x420.png 617w, https:\/\/lefrancophile.com\/wp-content\/uploads\/2010\/02\/Bouillabaise-150x102.png 150w, https:\/\/lefrancophile.com\/wp-content\/uploads\/2010\/02\/Bouillabaise-696x474.png 696w, https:\/\/lefrancophile.com\/wp-content\/uploads\/2010\/02\/Bouillabaise-1068x728.png 1068w, https:\/\/lefrancophile.com\/wp-content\/uploads\/2010\/02\/Bouillabaise.png 1920w\" sizes=\"auto, (max-width: 300px) 100vw, 300px\" \/><\/a>La bouillabaisse est une sp\u00e9cialit\u00e9 traditionnelle de la Provence m\u00e9diterran\u00e9enne. Originaire de Marseille, elle se compose d&#8217;une soupe de poisson accompagn\u00e9e de cro\u00fbtons de pain frott\u00e9 \u00e0 l&#8217;ail et tartin\u00e9 de rouille, de morceaux de poisson et de pommes de terre.<\/span><br \/>\n<span style=\"font-size: 14pt; color: #002645;\">Ce rago\u00fbt de poisson \u00e9tait autrefois une soupe de p\u00eacheurs, pr\u00e9par\u00e9e \u00e0 partir des poissons de roche invendables ou invendus, laiss\u00e9s au fond des paniers \u00e0 poissons au retour de la p\u00eache.<\/span><br \/>\n<span style=\"font-size: 14pt;\"><span style=\"color: #002645;\">Aujourd&#8217;hui<\/span> <a title=\"MADELEINES ? Dites plutot BOUILLABAISSE !\" href=\"https:\/\/lefrancophile.com\/fr\/madeleines-dites-plutot-bouillabaisse\/\">bouillabaisse<\/a> <span style=\"color: #002645;\">est compos\u00e9e de poissons de roche fra\u00eechement p\u00each\u00e9s, cuits dans un court-bouillon d&#8217;eau, de vin blanc, d&#8217;ail, d&#8217;huile d&#8217;olive et de safran.<\/span><\/span><br \/>\n<span style=\"font-size: 14pt; color: #002645;\">Les poissons utilis\u00e9s sont la rascasse, le rouget, le saint-pierre, le congre (appel\u00e9 localement fi\u00e9las ), le castor, la dorade, le merlan, la baudroie et le grondin rouge (appel\u00e9 localement la galinette ).<\/span><br \/>\n<span style=\"font-size: 14pt; color: #002645;\">Selon le go\u00fbt du convive et le style du chef, le plat est servi en deux temps, soit comme une soupe dans laquelle on trempe du pain grill\u00e9 frott\u00e9 d&#8217;ail et de rouille, puis le poisson et les pommes de terre, soit en une seule fois m\u00e9lang\u00e9 dans une assiette creuse.<\/span><\/p>\n<h2><strong><span style=\"color: #002654;\">Bourride S\u00e8toise (Languedoc Roussillon)<\/span><\/strong><\/h2>\n<figure id=\"attachment_5483\" aria-describedby=\"caption-attachment-5483\" style=\"width: 300px\" class=\"wp-caption alignright\"><a href=\"https:\/\/lefrancophile.com\/wp-content\/uploads\/2010\/02\/Bourride-300x199.jpg\"><img loading=\"lazy\" decoding=\"async\" class=\"wp-image-5483 size-medium\" src=\"https:\/\/lefrancophile.com\/wp-content\/uploads\/2010\/02\/Bourride-300x199.jpg\" alt=\"Rago\u00fbt de poisson Bourride avec l\u00e9gumes et a\u00efoli\" width=\"300\" height=\"199\" srcset=\"https:\/\/lefrancophile.com\/wp-content\/uploads\/2010\/02\/Bourride-300x199.jpg 300w, https:\/\/lefrancophile.com\/wp-content\/uploads\/2010\/02\/Bourride-150x99.jpg 150w, https:\/\/lefrancophile.com\/wp-content\/uploads\/2010\/02\/Bourride.jpg 320w\" sizes=\"auto, (max-width: 300px) 100vw, 300px\" \/><\/a><figcaption id=\"caption-attachment-5483\" class=\"wp-caption-text\">voyages provence, <a href=\"https:\/\/commons.wikimedia.org\/wiki\/File:Bourride%20%C3%A0%20la%20s%C3%A9toise.jpg\" target=\"_blank\" rel=\"noopener\">Bourride \u00e0 la s\u00e9toise<\/a>, <a href=\"https:\/\/creativecommons.org\/licenses\/by\/2.0\/legalcode\" target=\"_blank\" rel=\"license noopener\">CC BY 2.0<\/a><\/figcaption><\/figure>\n<p><span style=\"font-size: 14pt; color: #002645;\" data-preserver-spaces=\"true\">La bourride \u00e0 la s\u00e8toise est un rago\u00fbt de poisson originaire de S\u00e8te, sur la c\u00f4te languedocienne. Il s&#8217;agit d&#8217;un rago\u00fbt principalement compos\u00e9 de baudroie, d&#8217;autres poissons blancs, de l\u00e9gumes, de jus de citron frais et de vin blanc, m\u00e9lang\u00e9s \u00e0 de l&#8217;a\u00efoli et de la cr\u00e8me fra\u00eeche.<\/span><br \/>\n<span style=\"font-size: 14pt; color: #002645;\" data-preserver-spaces=\"true\">Son nom provient probablement de la m\u00eame source que la bouillabaisse, le latin \"bullire\". Il se distingue toutefois de son cousin culinaire par le fait qu&#8217;il n&#8217;est fait qu&#8217;avec du poisson blanc, qu&#8217;il contient de l&#8217;a\u00efoli et de la cr\u00e8me, et qu&#8217;il n&#8217;est pas servi avec de la rouille.<\/span><br \/>\n<span style=\"font-size: 14pt; color: #002645;\" data-preserver-spaces=\"true\">La recette conna\u00eet de nombreuses variantes locales. Traditionnellement, les l\u00e9gumes tels que les poireaux, les blettes, les carottes, le c\u00e9leri, les pommes de terre et les tomates sont cuits dans un court-bouillon compos\u00e9 d&#8217;eau, de vin blanc, d&#8217;huile d&#8217;olive, d&#8217;oignons, de citron, d&#8217;\u00e9corces d&#8217;orange, de safran, d&#8217;ail et de feuilles de laurier.<\/span><br \/>\n<span style=\"font-size: 14pt; color: #002645;\" data-preserver-spaces=\"true\">Ensuite, des queues de lotte, du bar ou des steaks de turbot sont poch\u00e9s dans un court-bouillon. Un peu d&#8217;a\u00efoli et de cr\u00e8me sont ajout\u00e9s au bouillon r\u00e9duit. Servi s\u00e9par\u00e9ment ou combin\u00e9 avec les l\u00e9gumes dans une soupi\u00e8re, le plat est accompagn\u00e9 de pain frais et d&#8217;a\u00efoli.<\/span><\/p>\n<h2><strong><span style=\"color: #002654;\">Brandade de N\u00eemes (Languedoc Roussillon)<\/span><\/strong><\/h2>\n<p style=\"text-align: justify;\"><span style=\"color: #002645;\"><span style=\"font-size: 14pt;\"><a href=\"https:\/\/lefrancophile.com\/wp-content\/uploads\/2010\/02\/Brandade-300x199.jpg\"><img loading=\"lazy\" decoding=\"async\" class=\"alignleft wp-image-6470 size-medium\" src=\"https:\/\/lefrancophile.com\/wp-content\/uploads\/2010\/02\/Brandade-300x199.jpg\" alt=\"\" width=\"300\" height=\"199\" srcset=\"https:\/\/lefrancophile.com\/wp-content\/uploads\/2010\/02\/Brandade-300x199.jpg 300w, https:\/\/lefrancophile.com\/wp-content\/uploads\/2010\/02\/Brandade-768x509.jpg 768w, https:\/\/lefrancophile.com\/wp-content\/uploads\/2010\/02\/Brandade-1024x678.jpg 1024w, https:\/\/lefrancophile.com\/wp-content\/uploads\/2010\/02\/Brandade-634x420.jpg 634w, https:\/\/lefrancophile.com\/wp-content\/uploads\/2010\/02\/Brandade-150x99.jpg 150w, https:\/\/lefrancophile.com\/wp-content\/uploads\/2010\/02\/Brandade-696x461.jpg 696w, https:\/\/lefrancophile.com\/wp-content\/uploads\/2010\/02\/Brandade-1068x707.jpg 1068w, https:\/\/lefrancophile.com\/wp-content\/uploads\/2010\/02\/Brandade.jpg 1161w\" sizes=\"auto, (max-width: 300px) 100vw, 300px\" \/><\/a>La brandade de N\u00eemes est un plat traditionnel de la r\u00e9gion Languedoc-Roussillon.  <\/span><span style=\"font-size: 14pt;\">le sud de la France. Il est compos\u00e9 de morue sal\u00e9e (bacalao) r\u00e9duite en pur\u00e9e avec de l&#8217;huile d&#8217;olive et des pommes de terre.<\/span><span style=\"font-size: 14pt;\">  parfois aromatis\u00e9 avec de l&#8217;ail, de la chapelure et\/ou de la cr\u00e8me. Le m\u00e9lange est  <\/span><span style=\"font-size: 14pt;\">typiquement servi comme trempette ou p\u00e2te \u00e0 tartiner chaude, souvent avec du pain croustillant ou des crudit\u00e9s. Brandade<\/span> <span style=\"font-size: 14pt;\"> de N\u00eemes est un plat de base dans la r\u00e9gion et est connu pour sa saveur unique et sa texture cr\u00e9meuse. <\/span><span style=\"font-size: 14pt;\">sa saveur unique et sa texture cr\u00e9meuse.<\/span><\/span><\/p>\n<h2 style=\"text-align: justify;\"><span style=\"color: #002654;\">Canel\u00e9 de Bordeaux (Aquitaine)<\/span><\/h2>\n<p style=\"text-align: justify;\"><span style=\"font-size: 14pt; color: #002645;\"><a href=\"https:\/\/lefrancophile.com\/wp-content\/uploads\/2023\/02\/Canele-de-Bordeaux-300x225.png\"><img loading=\"lazy\" decoding=\"async\" class=\"size-medium wp-image-6473 alignright\" src=\"https:\/\/lefrancophile.com\/wp-content\/uploads\/2023\/02\/Canele-de-Bordeaux-300x225.png\" alt=\"\" width=\"300\" height=\"225\" srcset=\"https:\/\/lefrancophile.com\/wp-content\/uploads\/2023\/02\/Canele-de-Bordeaux-300x225.png 300w, https:\/\/lefrancophile.com\/wp-content\/uploads\/2023\/02\/Canele-de-Bordeaux-768x576.png 768w, https:\/\/lefrancophile.com\/wp-content\/uploads\/2023\/02\/Canele-de-Bordeaux-1024x768.png 1024w, https:\/\/lefrancophile.com\/wp-content\/uploads\/2023\/02\/Canele-de-Bordeaux-1536x1152.png 1536w, https:\/\/lefrancophile.com\/wp-content\/uploads\/2023\/02\/Canele-de-Bordeaux-560x420.png 560w, https:\/\/lefrancophile.com\/wp-content\/uploads\/2023\/02\/Canele-de-Bordeaux-80x60.png 80w, https:\/\/lefrancophile.com\/wp-content\/uploads\/2023\/02\/Canele-de-Bordeaux-150x113.png 150w, https:\/\/lefrancophile.com\/wp-content\/uploads\/2023\/02\/Canele-de-Bordeaux-696x522.png 696w, https:\/\/lefrancophile.com\/wp-content\/uploads\/2023\/02\/Canele-de-Bordeaux-1068x801.png 1068w, https:\/\/lefrancophile.com\/wp-content\/uploads\/2023\/02\/Canele-de-Bordeaux-265x198.png 265w, https:\/\/lefrancophile.com\/wp-content\/uploads\/2023\/02\/Canele-de-Bordeaux.png 1920w\" sizes=\"auto, (max-width: 300px) 100vw, 300px\" \/><\/a>Le canel\u00e9 de Bordeaux est une p\u00e2tisserie traditionnelle de la r\u00e9gion Aquitaine.<\/span><br \/>\n<span style=\"font-size: 14pt; color: #002645;\">sud-ouest de la France. Il s&#8217;agit d&#8217;un petit g\u00e2teau cylindrique \u00e0 la cro\u00fbte caram\u00e9lis\u00e9e et \u00e0 la p\u00e2te \u00e0 modeler.  <\/span><span style=\"font-size: 14pt; color: #002645;\">L&#8217;int\u00e9rieur ressemble \u00e0 une cr\u00e8me p\u00e2tissi\u00e8re. Le g\u00e2teau est fait d&#8217;une p\u00e2te \u00e0 base d&#8217;\u0153ufs, de sucre, de farine et de lait, aromatis\u00e9e avec du  <\/span><span style=\"font-size: 14pt; color: #002645;\">rhum et vanille. Les canel\u00e9s sont cuits dans un moule sp\u00e9cial, fabriqu\u00e9 \u00e0 l&#8217;origine en cuivre, afin d&#8217;obtenir leur texture et leur saveur uniques. La Confr\u00e9rie du Canel\u00e9  <\/span><span style=\"font-size: 14pt; color: #002645;\">Le lien avec la traite des esclaves est \u00e9vident avec les ingr\u00e9dients produits aux Antilles (rhum, sucre de canne et vanille), tout comme le lien avec le n\u00e9goce du vin de Bordeaux. Les blancs d&#8217;\u0153uf sont utilis\u00e9s pour le collage, qui fait partie du processus d&#8217;\u00e9limination des \u00e9l\u00e9ments troubles dans le vin. Les jaunes d&#8217;\u0153uf sont ensuite utilis\u00e9s pour la cuisson.  <\/span> <span style=\"font-size: 14pt; color: #002645;\"> Il est g\u00e9n\u00e9ralement d\u00e9gust\u00e9 en tant que dessert ou en tant qu&#8217;en-cas, <\/span><span style=\"font-size: 14pt; color: #002645;\">et est souvent accompagn\u00e9 de caf\u00e9 ou de vin.<\/span><\/p>\n<h2 style=\"text-align: justify;\"><span style=\"color: #002654;\">Cassoulet (Languedoc Roussillon)<\/span><\/h2>\n<p style=\"text-align: justify;\"><span style=\"font-size: 14pt; color: #002654;\"><a href=\"https:\/\/lefrancophile.com\/wp-content\/uploads\/2010\/02\/Cassoulet-1-300x276.png\"><img loading=\"lazy\" decoding=\"async\" class=\"size-medium wp-image-6479 alignleft\" src=\"https:\/\/lefrancophile.com\/wp-content\/uploads\/2010\/02\/Cassoulet-1-300x276.png\" alt=\"\" width=\"300\" height=\"276\" srcset=\"https:\/\/lefrancophile.com\/wp-content\/uploads\/2010\/02\/Cassoulet-1-300x276.png 300w, https:\/\/lefrancophile.com\/wp-content\/uploads\/2010\/02\/Cassoulet-1-768x706.png 768w, https:\/\/lefrancophile.com\/wp-content\/uploads\/2010\/02\/Cassoulet-1-457x420.png 457w, https:\/\/lefrancophile.com\/wp-content\/uploads\/2010\/02\/Cassoulet-1-150x138.png 150w, https:\/\/lefrancophile.com\/wp-content\/uploads\/2010\/02\/Cassoulet-1-696x640.png 696w, https:\/\/lefrancophile.com\/wp-content\/uploads\/2010\/02\/Cassoulet-1.png 949w\" sizes=\"auto, (max-width: 300px) 100vw, 300px\" \/><\/a>Le cassoulet est un plat cuisin\u00e9 traditionnel du sud-ouest de la France. Il est g\u00e9n\u00e9ralement compos\u00e9 de haricots blancs, de viandes telles que la saucisse, le confit de canard, l&#8217;\u00e9paule de porc et le jambon, et d&#8217;un m\u00e9lange de l\u00e9gumes aromatiques tels que les oignons, les carottes et l&#8217;ail.  <\/span><span style=\"font-size: 14pt; color: #002654;\">Le cassoulet tire son nom de la cassole conique en terre cuite \u00e9maill\u00e9e, appel\u00e9e ca\u00e7\u00f2la, fabriqu\u00e9e pr\u00e8s de Castelnaudary \u00e0 Issel. Les trois villes de Toulouse, Castelnaudary et Carcassonne se disputent l&#8217;origine, l&#8217;histoire et les ingr\u00e9dients du plat. Ce d\u00e9saccord ne tient pas compte du fait que toutes les r\u00e9gions du sud-ouest de la France ont des versions de la cocotte.  <\/span><span style=\"font-size: 14pt; color: #002654;\">Il s&#8217;agit toutefois d&#8217;un plat d&#8217;hiver typiquement paysan, compos\u00e9 de la viande, des haricots et des l\u00e9gumes disponibles, mis dans une marmite et cuits \u00e0 feu doux pendant la journ\u00e9e, alors que les ouvriers travaillaient dans les champs.<\/span><\/p>\n<h2 style=\"text-align: justify;\"><span style=\"color: #002654;\">Chantilly Cr\u00e8me (Picardie)<\/span><\/h2>\n<p style=\"text-align: justify;\"><span style=\"font-size: 14pt; color: #002645;\"><a href=\"https:\/\/lefrancophile.com\/wp-content\/uploads\/2010\/02\/Chantilly-Creme-300x270.png\"><img loading=\"lazy\" decoding=\"async\" class=\"alignright size-medium wp-image-6485\" src=\"https:\/\/lefrancophile.com\/wp-content\/uploads\/2010\/02\/Chantilly-Creme-300x270.png\" alt=\"\" width=\"300\" height=\"270\" srcset=\"https:\/\/lefrancophile.com\/wp-content\/uploads\/2010\/02\/Chantilly-Creme-300x270.png 300w, https:\/\/lefrancophile.com\/wp-content\/uploads\/2010\/02\/Chantilly-Creme-466x420.png 466w, https:\/\/lefrancophile.com\/wp-content\/uploads\/2010\/02\/Chantilly-Creme-150x135.png 150w, https:\/\/lefrancophile.com\/wp-content\/uploads\/2010\/02\/Chantilly-Creme-696x627.png 696w, https:\/\/lefrancophile.com\/wp-content\/uploads\/2010\/02\/Chantilly-Creme.png 765w\" sizes=\"auto, (max-width: 300px) 100vw, 300px\" \/><\/a>La cr\u00e8me Chantilly est une cr\u00e8me fouett\u00e9e sucr\u00e9e originaire du nord-est de la France. Il est obtenu en fouettant de la cr\u00e8me \u00e9paisse et du sucre jusqu&#8217;\u00e0 ce qu&#8217;ils forment des pics mous. Le seul ar\u00f4me autoris\u00e9 est la vanille et, s&#8217;il figure sur la carte d&#8217;un restaurant en France, il doit \u00eatre fabriqu\u00e9 \u00e0 la maison \u00e0 l&#8217;aide d&#8217;un mixeur, d&#8217;un siphon ou \u00e0 la main. On pense qu&#8217;il a \u00e9t\u00e9 invent\u00e9 par Fran\u00e7ois Vatel, le c\u00e9l\u00e8bre chef p\u00e2tissier du ch\u00e2teau de Chantilly, dans la seconde moiti\u00e9 des ann\u00e9es 1660.<\/span><\/p>\n<h2 style=\"text-align: justify;\"><span style=\"color: #002654;\">Clafoutis (Limousin)<\/span><\/h2>\n<p style=\"text-align: justify;\"><span style=\"color: #002645;\"><span style=\"font-size: 14pt;\"><a href=\"https:\/\/lefrancophile.com\/wp-content\/uploads\/2010\/02\/Clafoutis-300x225.png\"><img loading=\"lazy\" decoding=\"async\" class=\"size-medium wp-image-6487 alignleft\" src=\"https:\/\/lefrancophile.com\/wp-content\/uploads\/2010\/02\/Clafoutis-300x225.png\" alt=\"\" width=\"300\" height=\"225\" srcset=\"https:\/\/lefrancophile.com\/wp-content\/uploads\/2010\/02\/Clafoutis-300x225.png 300w, https:\/\/lefrancophile.com\/wp-content\/uploads\/2010\/02\/Clafoutis-768x576.png 768w, https:\/\/lefrancophile.com\/wp-content\/uploads\/2010\/02\/Clafoutis-1024x768.png 1024w, https:\/\/lefrancophile.com\/wp-content\/uploads\/2010\/02\/Clafoutis-1536x1152.png 1536w, https:\/\/lefrancophile.com\/wp-content\/uploads\/2010\/02\/Clafoutis-560x420.png 560w, https:\/\/lefrancophile.com\/wp-content\/uploads\/2010\/02\/Clafoutis-80x60.png 80w, https:\/\/lefrancophile.com\/wp-content\/uploads\/2010\/02\/Clafoutis-150x113.png 150w, https:\/\/lefrancophile.com\/wp-content\/uploads\/2010\/02\/Clafoutis-696x522.png 696w, https:\/\/lefrancophile.com\/wp-content\/uploads\/2010\/02\/Clafoutis-1068x801.png 1068w, https:\/\/lefrancophile.com\/wp-content\/uploads\/2010\/02\/Clafoutis-265x198.png 265w, https:\/\/lefrancophile.com\/wp-content\/uploads\/2010\/02\/Clafoutis.png 1920w\" sizes=\"auto, (max-width: 300px) 100vw, 300px\" \/><\/a>Le clafoutis est un dessert fran\u00e7ais traditionnel originaire du Sud-Ouest. Il s&#8217;agit d&#8217;un produit cuit au four  <\/span><span style=\"font-size: 14pt;\">plat de cr\u00e8me p\u00e2tissi\u00e8re compos\u00e9 de fruits frais, g\u00e9n\u00e9ralement des cerises enti\u00e8res, dispos\u00e9s en une seule couche dans un plat peu profond et recouverts d&#8217;un m\u00e9lange de flan sucr\u00e9. Le m\u00e9lange, g\u00e9n\u00e9ralement compos\u00e9 de  <\/span><span style=\"font-size: 14pt;\">\u0153ufs, sucre, farine et lait, est vers\u00e9e sur les fruits avant la cuisson jusqu&#8217;\u00e0 ce qu&#8217;elle soit prise et qu&#8217;elle ne soit pas trop dure.  <\/span><span style=\"font-size: 14pt;\">l\u00e9g\u00e8rement dor\u00e9e. \u00c9galement connu sous les noms de Milliard et P\u00e9lia\u00efr\u00e9 dans les r\u00e9gions du Limousin et de l&#8217;Auvergne et chiffonnier en Occitan.<\/span><\/span><\/p>\n<h2 style=\"text-align: justify;\"><span style=\"color: #002654;\">Confit de Canard (Aquitaine)<\/span><\/h2>\n<p style=\"text-align: justify;\"><span style=\"color: #002645; font-size: 14pt;\">Le confit de canard est un plat classique de la r\u00e9gion Aquitaine, \u00e0 base de cuisses de canard.  <\/span><span style=\"font-size: 14pt;\"><span style=\"color: #002645;\">qui sont lentement cuits dans leur propre graisse. Ce plat est un \u00e9l\u00e9ment essentiel de la cuisine gasconne et est connu pour  <\/span><span style=\"color: #002645;\">sa saveur riche et savoureuse et sa viande tendre et succulente.<\/span><\/span><br \/>\n<span style=\"font-size: 14pt;\"><span style=\"color: #002645;\">Pour pr\u00e9parer le Confit de Canard, les cuisses de canard sont frott\u00e9es avec un m\u00e9lange de sel, d&#8217;herbes et d&#8217;\u00e9pices,  <\/span><span style=\"color: #002645;\">puis recouvert de graisse de canard fondue. Ils sont ensuite cuits lentement \u00e0 four doux jusqu&#8217;\u00e0 ce que la viande soit bien cuite.  <\/span><span style=\"color: #002645;\">tendre \u00e0 souhait et plein de saveur. Le plat fini est g\u00e9n\u00e9ralement servi avec  <\/span><span style=\"color: #002645;\">pommes de terre cuites dans la graisse restante, ainsi qu&#8217;une simple salade verte.<\/span><\/span><\/p>\n<h2><span style=\"color: #002654;\">Coq au Vin (Bourgogne)<\/span><\/h2>\n<p style=\"text-align: justify;\"><span style=\"color: #002645; font-size: 14pt;\">Le coq au vin est un plat fran\u00e7ais classique qui comprend du poulet cuit dans du vin rouge, avec du bacon, des champignons et des oignons. Le plat est traditionnellement pr\u00e9par\u00e9 avec un vieux coq, ce qui lui conf\u00e8re sa saveur riche et consistante, bien que le poulet soit plus couramment utilis\u00e9 aujourd&#8217;hui.<\/span><br \/>\n<span style=\"color: #002645; font-size: 14pt;\">Pour pr\u00e9parer le Coq au Vin, le poulet est dor\u00e9 dans une po\u00eale, puis mijot\u00e9 dans un m\u00e9lange de vin rouge, de lard, de champignons, d&#8217;oignons, d&#8217;ail et de thym. Les ingr\u00e9dients sont laiss\u00e9s \u00e0 cuire ensemble jusqu&#8217;\u00e0 ce que les saveurs se m\u00e9langent et que le poulet soit tendre et juteux.<\/span><\/p>\n<h2><span style=\"color: #002654;\">D&#8217;joute (Champagne Ardenne)<\/span><\/h2>\n<p><span style=\"font-size: 14pt; color: #002654;\">Le Champagne Joute est un pot-au-feu traditionnel du nord de la France. Le D&#8217;Joute, \u00e9galement connu sous le nom de Pot\u00e9e Champenoise, est principalement compos\u00e9 de jambon fum\u00e9 des Ardennes, de porc, de chou et de saucisses. D&#8217;autres l\u00e9gumes, notamment des navets, des oignons, des pommes de terre et un coq occasionnel, font de ce pot-au-feu hivernal un classique.<\/span><\/p>\n<h2><span style=\"color: #002654;\">Escargot de Bourgogne<\/span><\/h2>\n<p style=\"text-align: justify;\"><span style=\"font-size: 14pt; color: #002654;\">Les escargots sauvages de Bourgogne, connus sous le nom de Gros Blanc ou Escargot de Champagne et sous le nom latin Helix pomatia, sont les principaux escargots sauvages consomm\u00e9s en France. En raison de leur disparition progressive, ils sont prot\u00e9g\u00e9s par un arr\u00eat\u00e9 minist\u00e9riel qui interdit leur ramassage ou leur vente pendant la p\u00e9riode de reproduction, entre le 1er avril et le 31 d\u00e9cembre.<sup>st  <\/sup>et le 30 juin<sup>th<\/sup>La vente des escargots est limit\u00e9e \u00e0 ceux dont la coquille mesure au moins 3 cm de diam\u00e8tre. L&#8217;\u00e9levage des escargots Gros Blanc n&#8217;est pas aussi viable commercialement que celui des autres esp\u00e8ces. Le P\u00e8re Vall\u00e9e, aubergiste bourguignon de Bassou dans l&#8217;Yonne en Bourgogne, aurait invent\u00e9 la recette des escargots de Bourgogne au beurre, \u00e0 l&#8217;ail et au persil en 1796.<\/span><\/p>\n<h2><span style=\"color: #002654;\">Escargot du Jardin (Poitou Charentes)<\/span><\/h2>\n<p style=\"text-align: justify;\"><span style=\"font-size: 14pt; color: #002654;\">Le petit gris, Cagouille, Luma ou Escargot du Jardin, de son nom latin Helix aspersa est r\u00e9pandu sur la c\u00f4te atlantique et est \u00e9lev\u00e9 en Charente.La production a lieu entre avril et septembre.Les adultes mesurent de 28 \u00e0 35 mm et la spirale (en latin helix) de leur coquille tourne dans le sens des aiguilles d&#8217;une montre appel\u00e9 Dextre.Les petits gris adultes ont une ouverture r\u00e9fl\u00e9chie blanche, grise ou noire appel\u00e9e p\u00e9ristome (autour de la bouche) formant la partie inf\u00e9rieure de la coquille, c&#8217;est pourquoi on dit qu&#8217;ils sont \"bord\u00e9s\". Parmi les recettes associ\u00e9es \u00e0 cet escargot, citons la cargolade catalane, grill\u00e9e avec du sel, du poivre et du saindoux, et les escargots \u00e0 la Prove\u00e7ale, servis avec de la sauce tomate fra\u00eeche et de l&#8217;a\u00efoli.<\/span><\/p>\n<h2><span style=\"color: #002654;\">Far Breton aux Pruneaux (Bretagne)<\/span><\/h2>\n<p><span style=\"color: #002654;\"><span style=\"font-size: 14pt;\">Le Far Breton aux Pruneaux est un dessert traditionnel de la r\u00e9gion Bretagne. Il s&#8217;agit d&#8217;un produit dense et  <\/span><span style=\"font-size: 14pt;\">d\u00e9licieux g\u00e2teau \u00e0 base de pruneaux ou de prunes s\u00e9ch\u00e9es, g\u00e9n\u00e9ralement servi comme dessert ou comme en-cas. <\/span><span style=\"font-size: 14pt;\">en-cas.<\/span><\/span><br \/>\n<span style=\"color: #002654;\"><span style=\"font-size: 14pt;\">Le g\u00e2teau est fait d&#8217;un m\u00e9lange d&#8217;\u0153ufs, de sucre, de farine, de lait et de cognac, qui est vers\u00e9 sur le g\u00e2teau.  <\/span><span style=\"font-size: 14pt;\">pruneaux et cuits au four. Le dessert qui en r\u00e9sulte est un r\u00e9gal riche et r\u00e9confortant.  <\/span><span style=\"font-size: 14pt;\">et des pruneaux sucr\u00e9s et juteux, cr\u00e9ant ainsi un \u00e9quilibre harmonieux des saveurs.<\/span><\/span><\/p>\n<h2><span style=\"color: #002654;\">Farci Poitevin (Poitou Charentes)<\/span><\/h2>\n<p style=\"text-align: justify;\"><span style=\"font-size: 14pt; color: #002654;\">Le farci poitevin est un plat traditionnel de l\u00e9gumes farcis qui se compose g\u00e9n\u00e9ralement de courgettes, d&#8217;aubergines ou de poivrons farcis d&#8217;un m\u00e9lange de viande de porc hach\u00e9e, de chapelure et d&#8217;assaisonnements. <\/span><span style=\"font-size: 14pt; color: #002654;\">de porc hach\u00e9, de chapelure et d&#8217;assaisonnements.<\/span><br \/>\n<span style=\"font-size: 14pt; color: #002654;\">Il s&#8217;agit d&#8217;un plat copieux et savoureux qui est souvent servi comme plat principal, bien qu&#8217;il puisse \u00e9galement \u00eatre servi comme plat de r\u00e9sistance.  <\/span><span style=\"font-size: 14pt; color: #002654;\">servis comme plat d&#8217;accompagnement. Les l\u00e9gumes tendres et la garniture savoureuse constituent une combinaison d\u00e9licieuse et  <\/span><span style=\"font-size: 14pt; color: #002654;\">Le plat est un choix populaire pour les repas de famille et les occasions sp\u00e9ciales, souvent accompagn\u00e9 de riz ou de pain frais croustillant.<\/span><span style=\"font-size: 14pt; color: #002654;\">souvent accompagn\u00e9 de riz ou de pain frais croustillant,<\/span><\/p>\n<h2><span style=\"color: #002654;\">Flammekueche (Alsace)<\/span><\/h2>\n<p style=\"text-align: justify;\"><span style=\"font-size: 14pt; color: #002654;\">La flammekueche est une pizza \u00e0 cro\u00fbte fine garnie de cr\u00e8me fra\u00eeche, d&#8217;oignons et de bacon. Le plat est g\u00e9n\u00e9ralement cuit dans un four \u00e0 bois, ce qui lui donne un go\u00fbt croustillant et fum\u00e9. C&#8217;est un plat populaire en Alsace et il est souvent servi comme plat principal ou comme entr\u00e9e.<\/span><br \/>\n<span style=\"font-size: 14pt; color: #002654;\">La flammekueche, \u00e9galement connue sous le nom de tarte flamb\u00e9e, a une longue histoire en Alsace, qui remonte au 19e si\u00e8cle. \u00c0 l&#8217;origine, il \u00e9tait fabriqu\u00e9 par les agriculteurs \u00e0 l&#8217;aide d&#8217;ingr\u00e9dients facilement disponibles sur leurs terres, tels que des oignons, du lard et une simple p\u00e2te compos\u00e9e de farine, d&#8217;eau et de sel. Ce plat \u00e9tait traditionnellement servi aux travailleurs comme un repas rapide et rassasiant avant de partir aux champs.<\/span><\/p>\n<h2><span style=\"color: #002654;\">Foie Gras (Aquitaine)<\/span><\/h2>\n<p style=\"text-align: justify;\"><span style=\"font-size: 14pt; color: #002654;\">Le foie gras est un aliment de luxe fabriqu\u00e9 \u00e0 partir du foie de canards ou d&#8217;oies sp\u00e9cialement engraiss\u00e9s. Il est consid\u00e9r\u00e9 comme un mets d\u00e9licat dans la cuisine fran\u00e7aise. Le foie gras est g\u00e9n\u00e9ralement servi en terrine, en p\u00e2t\u00e9 ou saisi comme plat principal. Le go\u00fbt est riche et beurr\u00e9 avec une texture tendre et cr\u00e9meuse. La production de foie gras remonte \u00e0 l&#8217;\u00c9gypte ancienne, mais ce sont les Romains qui ont \u00e9t\u00e9 les premiers \u00e0 mettre au point le proc\u00e9d\u00e9 consistant \u00e0 gaver les oies pour faire grossir leur foie. Cette pratique a ensuite \u00e9t\u00e9<\/span><br \/>\n<span style=\"font-size: 14pt; color: #002654;\">adopt\u00e9 en France, notamment dans la r\u00e9gion Aquitaine, o\u00f9 il reste un \u00e9l\u00e9ment important de la culture locale.  <\/span><span style=\"font-size: 14pt; color: #002654;\">cuisine. Malgr\u00e9 les critiques des groupes de d\u00e9fense des animaux, en raison du processus de gavage utilis\u00e9 pour engraisser le foie, celui-ci reste un mets d\u00e9licat tr\u00e8s recherch\u00e9 dans le monde entier.<\/span><br \/>\n<span style=\"font-size: 14pt; color: #002654;\">En France, le foie gras existe en diff\u00e9rentes qualit\u00e9s, d\u00e9finies par la loi et class\u00e9es par ordre de d\u00e9penses :<\/span><\/p>\n<p style=\"text-align: justify;\"><span style=\"font-size: 14pt; color: #002654;\"><strong><br \/>\n  <em>Foie gras entier,<\/em><br \/>\n<\/strong> (Foie gras entier, compos\u00e9 d&#8217;un ou deux lobes entiers de foie, cuit, mi-cuit ou frais.<\/span><br \/>\n<span style=\"font-size: 14pt; color: #002654;\"><strong><br \/>\n  <em>Foie gras<\/em><br \/>\n<\/strong>Le foie gras est constitu\u00e9 de morceaux de foies r\u00e9assembl\u00e9s.<\/span><br \/>\n<span style=\"font-size: 14pt; color: #002654;\">Bloc de <strong><em>foie gras<\/em>,<\/strong> bloc moul\u00e9 enti\u00e8rement cuit, compos\u00e9 de 98% ou plus de foie gras.<\/span><br \/>\n<span style=\"font-size: 14pt; color: #002654;\"><strong><br \/>\n  <em>Bloc de foie gras avec morceaux,<\/em><br \/>\n<\/strong> (il doit contenir au moins 50 % de morceaux de foie gras pour l&#8217;oie et 30 % pour le canard.<\/span><br \/>\n<span style=\"font-size: 14pt; color: #002654;\"><strong><br \/>\n  <em>Parfait de fois gras,<\/em><br \/>\n<\/strong> qui doit contenir 75 % de foie gras.<\/span><br \/>\n<span style=\"font-size: 14pt; color: #002654;\"><strong><br \/>\n  <em>Galantine de foie gras,<\/em><br \/>\n<\/strong> une pr\u00e9paration contenant au moins 50 % de foie gras<\/span><br \/>\n<span style=\"font-size: 14pt; color: #002654;\"><strong><br \/>\n  <em>Mousse de foie gras,<\/em><br \/>\n<\/strong> une \u00e9mulsion fine de foie gras.<\/span><\/p>\n<h2>\n<span style=\"color: #002654;\">Fondue savoyarde (Rh\u00f4ne Alpes)<\/span><\/h2>\n<p style=\"text-align: justify;\"><span style=\"font-size: 14pt; color: #002654;\">La fondue savoyarde est un m\u00e9lange chaud de fromage fondu et de vin blanc, g\u00e9n\u00e9ralement servi avec du pain. Le fromage est g\u00e9n\u00e9ralement une combinaison de fromages de type suisse tels que le comt\u00e9, l&#8217;emmental, le gruy\u00e8re, l&#8217;abondance et le fromage de ch\u00e8vre.  <\/span><span style=\"font-size: 14pt; color: #002654;\">Beaufort, qui donnent au plat sa saveur particuli\u00e8re de noisette et l\u00e9g\u00e8rement acidul\u00e9e.  <\/span><br \/>\n<span style=\"font-size: 14pt; color: #002654;\">La fondue savoyarde a une longue histoire dans la r\u00e9gion Rh\u00f4ne-Alpes, qui remonte au XVIe si\u00e8cle. En  <\/span><span style=\"font-size: 14pt; color: #002654;\">Autrefois, ce plat \u00e9tait consid\u00e9r\u00e9 comme un moyen simple et pratique d&#8217;utiliser le pain rassis et les fromages affin\u00e9s.<\/span><br \/>\n<span style=\"font-size: 14pt; color: #002654;\">La tradition de la fondue autour d&#8217;un caquelon commun a \u00e9galement eu des cons\u00e9quences sociales et \u00e9conomiques.  <\/span><span style=\"font-size: 14pt; color: #002654;\">Il avait une grande importance, car il rassemblait les gens \u00e0 une \u00e9poque o\u00f9 la nourriture \u00e9tait rare et o\u00f9 les repas \u00e9taient souvent une partie de plaisir.  <\/span><span style=\"font-size: 14pt; color: #002654;\">Le pot utilis\u00e9 pour faire fondre le fromage s&#8217;appelle un ramequin et en plus du fromage et du vin, des herbes, des \u00e9pices, des \u00e9chalotes, du poivre et des truffes peuvent \u00eatre ajout\u00e9s pour enrichir la saveur.  <\/span><\/p>\n<p><span style=\"color: #002654;\">Galette Bretonne (Bretagne)<\/span><br \/>\n<span style=\"color: #002654;\">Garbure (Midi Pyr\u00e9n\u00e9es)<\/span><br \/>\n<span style=\"color: #002654;\">Gentse Waterzoi (Nord Pas de Calais)<\/span><br \/>\n<span style=\"color: #002654;\">Hareng Saur (Haute-Normandie)<\/span><br \/>\n<span style=\"color: #002645;\">Jambon de Bayonne (Aquitaine)<\/span><br \/>\n<span style=\"color: #002654;\">Kippenwaterzooi (Nord Pas de Calais)<\/span><br \/>\n<span style=\"color: #002654;\">Kougelhopf (Alsace)<\/span><br \/>\n<span style=\"color: #002654;\">Macarons de Nancy (Lorraine)<\/span><br \/>\n<span style=\"color: #002654;\">Madleine (Lorraine)<\/span><br \/>\n<span style=\"color: #002654;\">Magret de Canard et G\u00e9siers (Midi Pyr\u00e9n\u00e9es)<\/span><br \/>\n<span style=\"color: #002654;\">Mirabelle prunier (Lorraine)<\/span><br \/>\n<span style=\"color: #002654;\">Moules Marinieres (Bretagne)<\/span><br \/>\n<span style=\"color: #002654;\">Moutarde de Dijon (Bourgogne)<\/span><br \/>\n<span style=\"color: #002654;\">Nougat de Mont\u00e9limar (Rh\u00f4ne Alpes)<\/span><br \/>\n<span style=\"color: #002654;\">Piperade Basque (Midi Pyr\u00e9n\u00e9es)<\/span><br \/>\n<span style=\"color: #002654;\">Pistou (Provence Alpes C\u00f4te d&#8217;Azur)<\/span><br \/>\n<span style=\"color: #002654;\">Pot\u00e9e Auvergnate (Auvergne)<\/span><br \/>\n<span style=\"color: #002654;\">Potjevleisch (Nord Pas de Calais)<\/span><br \/>\n<span style=\"color: #002654;\">Poulets de Bresse (Bourgogne)<\/span><br \/>\n<span style=\"color: #002654;\">Quenelle de Brochet de Lyon (Rh\u00f4ne Alpes)<\/span><br \/>\n<span style=\"color: #002654;\">Quiche Lorraine (Lorraine)<\/span><br \/>\n<span style=\"color: #002654;\">Raclette (Rh\u00f4ne Alpes)<\/span><br \/>\n<span style=\"color: #002654;\">Ratatouille (Provence Alpes Cote d&#8217;Azur)<\/span><br \/>\n<span style=\"color: #002654;\">Rilletes du Mans (Pays de la Loire)<\/span><br \/>\n<span style=\"color: #002654;\">Rouille (Provence Alpes Cote d&#8217;Azur)<\/span><br \/>\n<span style=\"color: #002654;\">Choucroute (Alsace)<\/span><br \/>\n<span style=\"color: #002654;\">Saucisse de Morteau (Franche Comte)<\/span><br \/>\n<span style=\"color: #002654;\">Saucisse de Montbelliard (Franche Comte)<\/span><br \/>\n<span style=\"color: #002654;\">Saucisson<\/span><br \/>\n<span style=\"color: #002654;\">Sel de Gu\u00e9rande (Pays de la Loire)<\/span><br \/>\n<span style=\"color: #002654;\">Sel de l&#8217;Ile de R\u00e9 (Aquitaine)<\/span><br \/>\n<span style=\"color: #002654;\">Tarte Tatin (R\u00e9gion Centre)<\/span><br \/>\n<span style=\"color: #002654;\">Tartiflette (Rh\u00f4ne Alpes)<\/span><br \/>\n<span style=\"color: #002654;\">Tourteau Fromage (Poitou Charentes)<\/span><br \/>\n<span style=\"color: #002654;\">Tarte Trop\u00e9zienne (Provence Alpes Cote d&#8217;Azur)<\/span><br \/>\n<span style=\"color: #002654;\">Truffe de P\u00e9rigord (Aquitaine)<\/span><\/p>\n","protected":false},"excerpt":{"rendered":"<p>Lorsqu&#8217;il s&#8217;agit de cuisine classique, on ne peut nier que la France poss\u00e8de un h\u00e9ritage tr\u00e8s important. La cuisine fran\u00e7aise s&#8217;est r\u00e9pandue dans toutes les parties du monde, inspirant et influen\u00e7ant les gens partout. Quels sont les plats traditionnels fran\u00e7ais les plus connus ? Tout d&#8217;abord, la France est un pays qui a une riche [&hellip;]<\/p>\n","protected":false},"author":45,"featured_media":9482,"comment_status":"closed","ping_status":"closed","sticky":false,"template":"","format":"standard","meta":{"inline_featured_image":false,"footnotes":""},"categories":[2872],"tags":[2180,2216,2215,2130,2135],"class_list":{"0":"post-10459","1":"post","2":"type-post","3":"status-publish","4":"format-standard","5":"has-post-thumbnail","7":"category-produits-regionaux","8":"tag-aliments-francais-traditionnels","9":"tag-baguette-francaise","10":"tag-cuisine","11":"tag-cuisine-francaise-fr","12":"tag-cuisine-francaise-fr-3"},"aioseo_notices":[],"_links":{"self":[{"href":"https:\/\/lefrancophile.com\/fr\/wp-json\/wp\/v2\/posts\/10459","targetHints":{"allow":["GET"]}}],"collection":[{"href":"https:\/\/lefrancophile.com\/fr\/wp-json\/wp\/v2\/posts"}],"about":[{"href":"https:\/\/lefrancophile.com\/fr\/wp-json\/wp\/v2\/types\/post"}],"author":[{"embeddable":true,"href":"https:\/\/lefrancophile.com\/fr\/wp-json\/wp\/v2\/users\/45"}],"replies":[{"embeddable":true,"href":"https:\/\/lefrancophile.com\/fr\/wp-json\/wp\/v2\/comments?post=10459"}],"version-history":[{"count":0,"href":"https:\/\/lefrancophile.com\/fr\/wp-json\/wp\/v2\/posts\/10459\/revisions"}],"wp:featuredmedia":[{"embeddable":true,"href":"https:\/\/lefrancophile.com\/fr\/wp-json\/wp\/v2\/media\/9482"}],"wp:attachment":[{"href":"https:\/\/lefrancophile.com\/fr\/wp-json\/wp\/v2\/media?parent=10459"}],"wp:term":[{"taxonomy":"category","embeddable":true,"href":"https:\/\/lefrancophile.com\/fr\/wp-json\/wp\/v2\/categories?post=10459"},{"taxonomy":"post_tag","embeddable":true,"href":"https:\/\/lefrancophile.com\/fr\/wp-json\/wp\/v2\/tags?post=10459"}],"curies":[{"name":"wp","href":"https:\/\/api.w.org\/{rel}","templated":true}]}}